{"id":2490,"date":"2017-05-11T09:27:36","date_gmt":"2017-05-11T07:27:36","guid":{"rendered":"http:\/\/ekoauto.org\/?p=2490"},"modified":"2017-05-30T13:28:34","modified_gmt":"2017-05-30T11:28:34","slug":"program-ogolnopolskiej-konferencji-dla-stacji-demontazu-pojazdow-oraz-branzy-recyklingu-oszczedzaj-przetwarzaj-zyskaj","status":"publish","type":"post","link":"http:\/\/ekoauto.org\/?p=2490","title":{"rendered":"Program Og\u00f3lnopolskiej Konferencji dla stacji demonta\u017cu pojazd\u00f3w oraz bran\u017cy recyklingu &#8222;Oszcz\u0119dzaj &#8211; Przetwarzaj &#8211; Zyskaj&#8221;"},"content":{"rendered":"<p style=\"text-align: center;\"><strong>OG\u00d3LNOPOLSKA KONFERENCJA<\/strong><br \/>\nDLA STACJI DEMONTA\u017bU POJAZD\u00d3W ORAZ BRAN\u017bY RECYKLINGU<br \/>\n<strong>\u201eOSZCZ\u0118DZAJ \u2013 PRZETWARZAJ \u2013 ZYSKAJ\u201d<\/strong><\/p>\n<p style=\"text-align: center;\"><strong>1 CZERWCA 2017<\/strong><br \/>\n<strong>BROWAR LUBICZ, KRAK\u00d3W<\/strong><\/p>\n<p style=\"text-align: left;\"><strong>PROGRAM KONFERENCJI *<\/strong><br \/>\n08:30 \u2013 09:00\u00a0\u00a0 REJESTRACJA UCZESTNIK\u00d3W, BUFET KAWOWY<br \/>\n09:00 \u2013 09:10\u00a0\u00a0 UROCZYSTE OTWARCIE KONFERENCJI<br \/>\n09:10 \u2013 09:40\u00a0\u00a0 \u201eNajnowsze zmiany prawne dotycz\u0105ce pojazd\u00f3w wycofanych z eksploatacji\u201d Jakub Smakulski, Prezes Stowarzyszenia EKO-AUTO<br \/>\n09:40 \u2013 10:10\u00a0\u00a0 \u201ePrawne i techniczne aspekty gospodarki samochodami wycofanymi z eksploatacji\u201d dr in\u017c. Justyna Pyssa, Wydzia\u0142 Energetyki i Paliw, Akademia G\u00f3rniczo \u2013 Hutnicza im. Stanis\u0142awa Staszica w Krakowie<br \/>\n10:10 \u2013 10:40 \u00a0 \u201eInstrumenty finansowe dla SDP oferowane przez NFO\u015aiGW\u201d Katarzyna Marzantowicz, Departament Ochrony Ziemi, Narodowy Fundusz Ochrony \u015arodowiska i Gospodarki Wodnej<br \/>\n10:40 \u2013 11:10 \u00a0 \u201eWyzwania w recyklingu pojazd\u00f3w wycofanych z eksploatacji\u201d dr in\u017c. Mateusz Jakubiak, Wydzia\u0142 Geodezji G\u00f3rniczej i In\u017cynierii \u015arodowiska, Akademia G\u00f3rniczo \u2013 Hutnicza im. Stanis\u0142awa Staszica w Krakowie, mgr in\u017c. Kamil Kasztalski<br \/>\n11:10 \u2013 11:45\u00a0 PRZERWA KAWOWA<br \/>\n11:45 \u2013 12:00 \u00a0 Wyst\u0105pienie przedstawiciela firmy Ekolog Sp. z o.o.<br \/>\n12:00 \u2013 12:30 \u00a0 \u201eSprz\u0119\u017cenia synergiczne w projektowaniu, eksploatacji i demonta\u017cu pojazd\u00f3w\u201d dr hab. in\u017c. Piotr \u017bach, Instytut Podstaw Budowy Maszyn, Politechnika Warszawska<br \/>\n12:30 \u2013 13:00 \u00a0 \u201eInnowacyjny recykling opon\u201d WGW Green Energy Poland Sp. z o.o.<br \/>\n13:00 \u2013 13:30 \u00a0 \u201eTermiczne przekszta\u0142canie odpad\u00f3w pochodz\u0105cych z rozbi\u00f3rki wrak\u00f3w samochodowych, tworzenie paliw z udzia\u0142em tych odpad\u00f3w\u201d dr hab. in\u017c. Danuta Kr\u00f3l, Wydzia\u0142 In\u017cynierii \u015arodowiska i Energetyki, Politechnika \u015al\u0105ska, dr hab. in\u017c. S\u0142awomir Poskrobko, Wydzia\u0142 Budownictwa i In\u017cynierii \u015arodowiska, Politechnika Bia\u0142ostocka<br \/>\n13:30 \u2013 14:30 \u00a0 PRZERWA OBIADOWA<br \/>\n14:30 \u2013 14:45 \u00a0 Wyst\u0105pienie przedstawiciela firmy Unimetal Recycling Sp. z o.o.<br \/>\n14:45 \u2013 15:15 \u00a0 \u201eBadania Instytutu Metali Nie\u017celaznych nad przerobem materia\u0142\u00f3w pochodz\u0105cych z odpad\u00f3w wrak\u00f3w samochodowych\u201d dr in\u017c. Jerzy Koz\u0142owski, Kierownik Pracowni Surowc\u00f3w Wt\u00f3rnych, mgr Dariusz Lewandowski, Instytut Metali Nie\u017celaznych Gliwice<br \/>\n15:15 \u2013 15:45 \u00a0 \u201eBran\u017ca motoryzacyjna. Podsumowanie 2016 roku, co dzi\u015b, a co nas czeka jutro\u201d<br \/>\nMicha\u0142 Wekiera, Executive Director, Polski Zwi\u0105zek Przemys\u0142u Motoryzacyjnego<br \/>\n15:45 \u2013 16:00 \u00a0 Wyst\u0105pienie przedstawiciela firmy FH SANTRADE<br \/>\n16:00 \u2013 16:30 \u00a0 \u201eSytuacja prawna i gospodarcza motoryzacji w Polsce\u201d Micha\u0142 Wekiera, Polski Zwi\u0105zek Przemys\u0142u Motoryzacyjnego<br \/>\n16:30 \u2013 17:00 \u00a0 \u201eZagro\u017cenia po\u017carowe na stacjach demonta\u017cu pojazd\u00f3w\u201d mgr in\u017c. po\u017c. Jacek At\u0142as<br \/>\n17:00 \u2013 17:15\u00a0 UROCZYSTE ZAKO\u0143CZENIE KONFERENCJI<br \/>\n17:15 \u2013 18:30 \u00a0 ZWIEDZANIE BROWARU LUBICZ WRAZ Z DEGUSTACJ\u0104<br \/>\n20:00 \u2013 24:00\u00a0 UROCZYSTA KOLACJA<\/p>\n<p>* Organizatorzy zastrzegaj\u0105 prawo do nanoszenia zmian w programie<\/p>\n<p>&nbsp;<\/p>\n<p style=\"text-align: left;\"><a href=\"http:\/\/ekoauto.org\/wp-content\/uploads\/2017\/05\/PROGRAM-OG\u00d3LNOPOLSKIEJ-KONFERENCJI-1-CZERWCA-KRAK\u00d3W-1.pdf\">PROGRAM OG\u00d3LNOPOLSKIEJ KONFERENCJI (pdf)<\/a><\/p>\n","protected":false},"excerpt":{"rendered":"<p>OG\u00d3LNOPOLSKA KONFERENCJA DLA STACJI DEMONTA\u017bU POJAZD\u00d3W ORAZ BRAN\u017bY RECYKLINGU \u201eOSZCZ\u0118DZAJ \u2013 PRZETWARZAJ \u2013 ZYSKAJ\u201d 1 CZERWCA 2017 BROWAR LUBICZ, KRAK\u00d3W PROGRAM KONFERENCJI * 08:30 \u2013 09:00\u00a0\u00a0 REJESTRACJA UCZESTNIK\u00d3W, BUFET KAWOWY 09:00 \u2013 09:10\u00a0\u00a0 UROCZYSTE OTWARCIE KONFERENCJI 09:10 \u2013 09:40\u00a0\u00a0 \u201eNajnowsze zmiany prawne dotycz\u0105ce pojazd\u00f3w wycofanych z eksploatacji\u201d Jakub Smakulski, Prezes Stowarzyszenia EKO-AUTO 09:40 \u2013 10:10\u00a0\u00a0 &#8230; <a title=\"Program Og\u00f3lnopolskiej Konferencji dla stacji demonta\u017cu pojazd\u00f3w oraz bran\u017cy recyklingu &#8222;Oszcz\u0119dzaj &#8211; Przetwarzaj &#8211; Zyskaj&#8221;\" class=\"read-more\" href=\"http:\/\/ekoauto.org\/?p=2490\" aria-label=\"Read more about Program Og\u00f3lnopolskiej Konferencji dla stacji demonta\u017cu pojazd\u00f3w oraz bran\u017cy recyklingu &#8222;Oszcz\u0119dzaj &#8211; Przetwarzaj &#8211; Zyskaj&#8221;\">Dowiedz si\u0119 wi\u0119cej<\/a><\/p>\n","protected":false},"author":2,"featured_media":0,"comment_status":"open","ping_status":"open","sticky":false,"template":"","format":"standard","meta":{"_monsterinsights_skip_tracking":false,"_monsterinsights_sitenote_active":false,"_monsterinsights_sitenote_note":"","_monsterinsights_sitenote_category":0,"footnotes":""},"categories":[1],"tags":[],"class_list":["post-2490","post","type-post","status-publish","format-standard","hentry","category-bez-kategorii"],"_links":{"self":[{"href":"http:\/\/ekoauto.org\/index.php?rest_route=\/wp\/v2\/posts\/2490","targetHints":{"allow":["GET"]}}],"collection":[{"href":"http:\/\/ekoauto.org\/index.php?rest_route=\/wp\/v2\/posts"}],"about":[{"href":"http:\/\/ekoauto.org\/index.php?rest_route=\/wp\/v2\/types\/post"}],"author":[{"embeddable":true,"href":"http:\/\/ekoauto.org\/index.php?rest_route=\/wp\/v2\/users\/2"}],"replies":[{"embeddable":true,"href":"http:\/\/ekoauto.org\/index.php?rest_route=%2Fwp%2Fv2%2Fcomments&post=2490"}],"version-history":[{"count":21,"href":"http:\/\/ekoauto.org\/index.php?rest_route=\/wp\/v2\/posts\/2490\/revisions"}],"predecessor-version":[{"id":2538,"href":"http:\/\/ekoauto.org\/index.php?rest_route=\/wp\/v2\/posts\/2490\/revisions\/2538"}],"wp:attachment":[{"href":"http:\/\/ekoauto.org\/index.php?rest_route=%2Fwp%2Fv2%2Fmedia&parent=2490"}],"wp:term":[{"taxonomy":"category","embeddable":true,"href":"http:\/\/ekoauto.org\/index.php?rest_route=%2Fwp%2Fv2%2Fcategories&post=2490"},{"taxonomy":"post_tag","embeddable":true,"href":"http:\/\/ekoauto.org\/index.php?rest_route=%2Fwp%2Fv2%2Ftags&post=2490"}],"curies":[{"name":"wp","href":"https:\/\/api.w.org\/{rel}","templated":true}]}}