{"id":2477,"date":"2017-05-10T15:42:49","date_gmt":"2017-05-10T13:42:49","guid":{"rendered":"http:\/\/ekoauto.org\/?p=2477"},"modified":"2017-05-17T14:11:22","modified_gmt":"2017-05-17T12:11:22","slug":"honorowy-patronat-wojewody-malopolskiego","status":"publish","type":"post","link":"http:\/\/ekoauto.org\/?p=2477","title":{"rendered":"Honorowy Patronat Wojewody Ma\u0142opolskiego"},"content":{"rendered":"<div id=\"js_xb\" class=\"_5pbx userContent\" data-ft=\"{&quot;tn&quot;:&quot;K&quot;}\">\n<div id=\"js_xb\" class=\"_5pbx userContent\" data-ft=\"{&quot;tn&quot;:&quot;K&quot;}\">\n<p><img fetchpriority=\"high\" decoding=\"async\" class=\"alignleft wp-image-2478\" src=\"http:\/\/ekoauto.org\/wp-content\/uploads\/2017\/05\/Logo-Wojewoda-Ma\u0142opolski-1024x390.jpg\" alt=\"\" width=\"394\" height=\"150\" srcset=\"http:\/\/ekoauto.org\/wp-content\/uploads\/2017\/05\/Logo-Wojewoda-Ma\u0142opolski-1024x390.jpg 1024w, http:\/\/ekoauto.org\/wp-content\/uploads\/2017\/05\/Logo-Wojewoda-Ma\u0142opolski-300x114.jpg 300w, http:\/\/ekoauto.org\/wp-content\/uploads\/2017\/05\/Logo-Wojewoda-Ma\u0142opolski-768x292.jpg 768w, http:\/\/ekoauto.org\/wp-content\/uploads\/2017\/05\/Logo-Wojewoda-Ma\u0142opolski-200x76.jpg 200w\" sizes=\"(max-width: 394px) 100vw, 394px\" \/><\/p>\n<\/div>\n<p>&nbsp;<\/p>\n<p>&nbsp;<\/p>\n<p>&nbsp;<\/p>\n<p>&nbsp;<\/p>\n<p>&nbsp;<\/p>\n<p>&nbsp;<\/p>\n<p style=\"text-align: left;\">Jeste\u015bmy zaszczyceni faktem i\u017c <strong>Pan J\u00f3zef Pilch, Wojewoda Ma\u0142opolski<\/strong> obj\u0105\u0142 <strong>Honorowy Patronat <\/strong>nad Og\u00f3lnopolsk\u0105 Konferencj\u0105 dla stacji demonta\u017cu pojazd\u00f3w oraz bran\u017cy recyklingu <em>\u201eOszcz\u0119dzaj \u2013 Przetwarzaj \u2013 Zyskaj\u201d<\/em><\/p>\n<p style=\"text-align: left;\"><img decoding=\"async\" class=\"alignleft  wp-image-2527\" src=\"http:\/\/ekoauto.org\/wp-content\/uploads\/2017\/05\/patronat-724x1024.jpg\" alt=\"\" width=\"608\" height=\"859\" srcset=\"http:\/\/ekoauto.org\/wp-content\/uploads\/2017\/05\/patronat-724x1024.jpg 724w, http:\/\/ekoauto.org\/wp-content\/uploads\/2017\/05\/patronat-212x300.jpg 212w, http:\/\/ekoauto.org\/wp-content\/uploads\/2017\/05\/patronat-141x200.jpg 141w, http:\/\/ekoauto.org\/wp-content\/uploads\/2017\/05\/patronat.jpg 1654w\" sizes=\"(max-width: 608px) 100vw, 608px\" \/><\/p>\n<p style=\"text-align: left;\">\n<p style=\"text-align: left;\">\n<p style=\"text-align: left;\">\n<p style=\"text-align: left;\">\n<p style=\"text-align: left;\">\n<p style=\"text-align: left;\">\n<p style=\"text-align: left;\">\n<p style=\"text-align: left;\">\n<p style=\"text-align: left;\">\n<p style=\"text-align: left;\">\n<p style=\"text-align: left;\">\n<p style=\"text-align: left;\">\n<p style=\"text-align: left;\">\n<p style=\"text-align: left;\">\n<p style=\"text-align: left;\">\n<p style=\"text-align: left;\">\n<p style=\"text-align: left;\">\n<p style=\"text-align: left;\">\n<p style=\"text-align: left;\">\n<p style=\"text-align: left;\">\n<p style=\"text-align: left;\">\n<p style=\"text-align: left;\">\n<p style=\"text-align: left;\">\n<p style=\"text-align: left;\">\n<p style=\"text-align: left;\">\n<p style=\"text-align: left;\">Serdecznie zapraszamy!<br \/>\n<strong>1 czerwca 2017, Browar Lubicz, Krak\u00f3w<\/strong><\/p>\n<\/div>\n<p>&nbsp;<\/p>\n","protected":false},"excerpt":{"rendered":"<p>&nbsp; &nbsp; &nbsp; &nbsp; &nbsp; &nbsp; Jeste\u015bmy zaszczyceni faktem i\u017c Pan J\u00f3zef Pilch, Wojewoda Ma\u0142opolski obj\u0105\u0142 Honorowy Patronat nad Og\u00f3lnopolsk\u0105 Konferencj\u0105 dla stacji demonta\u017cu pojazd\u00f3w oraz bran\u017cy recyklingu \u201eOszcz\u0119dzaj \u2013 Przetwarzaj \u2013 Zyskaj\u201d Serdecznie zapraszamy! 1 czerwca 2017, Browar Lubicz, Krak\u00f3w &nbsp;<\/p>\n","protected":false},"author":2,"featured_media":0,"comment_status":"open","ping_status":"open","sticky":false,"template":"","format":"standard","meta":{"_monsterinsights_skip_tracking":false,"_monsterinsights_sitenote_active":false,"_monsterinsights_sitenote_note":"","_monsterinsights_sitenote_category":0,"footnotes":""},"categories":[1],"tags":[],"class_list":["post-2477","post","type-post","status-publish","format-standard","hentry","category-bez-kategorii"],"_links":{"self":[{"href":"http:\/\/ekoauto.org\/index.php?rest_route=\/wp\/v2\/posts\/2477","targetHints":{"allow":["GET"]}}],"collection":[{"href":"http:\/\/ekoauto.org\/index.php?rest_route=\/wp\/v2\/posts"}],"about":[{"href":"http:\/\/ekoauto.org\/index.php?rest_route=\/wp\/v2\/types\/post"}],"author":[{"embeddable":true,"href":"http:\/\/ekoauto.org\/index.php?rest_route=\/wp\/v2\/users\/2"}],"replies":[{"embeddable":true,"href":"http:\/\/ekoauto.org\/index.php?rest_route=%2Fwp%2Fv2%2Fcomments&post=2477"}],"version-history":[{"count":11,"href":"http:\/\/ekoauto.org\/index.php?rest_route=\/wp\/v2\/posts\/2477\/revisions"}],"predecessor-version":[{"id":2528,"href":"http:\/\/ekoauto.org\/index.php?rest_route=\/wp\/v2\/posts\/2477\/revisions\/2528"}],"wp:attachment":[{"href":"http:\/\/ekoauto.org\/index.php?rest_route=%2Fwp%2Fv2%2Fmedia&parent=2477"}],"wp:term":[{"taxonomy":"category","embeddable":true,"href":"http:\/\/ekoauto.org\/index.php?rest_route=%2Fwp%2Fv2%2Fcategories&post=2477"},{"taxonomy":"post_tag","embeddable":true,"href":"http:\/\/ekoauto.org\/index.php?rest_route=%2Fwp%2Fv2%2Ftags&post=2477"}],"curies":[{"name":"wp","href":"https:\/\/api.w.org\/{rel}","templated":true}]}}