{"id":2438,"date":"2017-05-08T14:25:08","date_gmt":"2017-05-08T12:25:08","guid":{"rendered":"http:\/\/ekoauto.org\/?p=2438"},"modified":"2017-05-10T09:27:33","modified_gmt":"2017-05-10T07:27:33","slug":"trwaja-zapisy-na-ogolnopolska-konferencje-dla-stacji-demontazu-pojazdowoszczedzaj-przetwarzaj-zyskaj","status":"publish","type":"post","link":"http:\/\/ekoauto.org\/?p=2438","title":{"rendered":"Trwaj\u0105 zapisy na Og\u00f3lnopolsk\u0105 Konferencj\u0119 dla stacji demonta\u017cu pojazd\u00f3w\u201eOszcz\u0119dzaj \u2013 Przetwarzaj \u2013 Zyskaj\u201d"},"content":{"rendered":"<p>&nbsp;<\/p>\n<p>Wielkimi krokami zbli\u017ca si\u0119 termin <strong>Og\u00f3lnopolskiej Konferencji dla stacji demonta\u017cu pojazd\u00f3w<\/strong> oraz <strong>bran\u017cy recyklingu<\/strong>, organizowanej przez Stowarzyszenie EKO-AUTO.<\/p>\n<p>Dla tych z Pa\u0144stwa, kt\u00f3rzy nie podj\u0119li jeszcze decyzji odno\u015bnie uczestnictwa w tym wydarzeniu proponujemy zapoznanie si\u0119 z aktualnym programem.<\/p>\n<p><strong><span style=\"color: #ff0000;\">Uwaga!<\/span> <\/strong><\/p>\n<p>Wype\u0142niony <span style=\"color: #ff0000;\"><em><a style=\"color: #ff0000;\" href=\"http:\/\/ekoauto.org\/wp-content\/uploads\/2017\/05\/FORMULARZ-ZG\u0141OSZENIOWY_OG\u00d3LNOPOLSKA-KONFERENCJA_1-CZERWCA_2017_KRAK\u00d3W.pdf\" target=\"_blank\" rel=\"noopener noreferrer\"><strong>FORMULARZ ZG\u0141OSZENIOWY<\/strong><\/a><\/em><\/span> prosz\u0119 przes\u0142a\u0107 poczt\u0105 elektroniczn\u0105 na adres: <span style=\"color: #ff0000;\"><strong><a style=\"color: #ff0000;\" href=\"mailto:biuro@ekoauto.org\">biuro@ekoauto.org<\/a> <\/strong><\/span>lub na numer faksu <strong>(61) 8770605<\/strong> do dnia <strong>10 maja 2017 roku. <\/strong><\/p>\n<p><img fetchpriority=\"high\" decoding=\"async\" class=\"alignleft wp-image-2474 \" src=\"http:\/\/ekoauto.org\/wp-content\/uploads\/2017\/05\/plakat-2-1024x741.jpeg\" alt=\"\" width=\"802\" height=\"581\" srcset=\"http:\/\/ekoauto.org\/wp-content\/uploads\/2017\/05\/plakat-2-1024x741.jpeg 1024w, http:\/\/ekoauto.org\/wp-content\/uploads\/2017\/05\/plakat-2-300x217.jpeg 300w, http:\/\/ekoauto.org\/wp-content\/uploads\/2017\/05\/plakat-2-768x555.jpeg 768w, http:\/\/ekoauto.org\/wp-content\/uploads\/2017\/05\/plakat-2-200x145.jpeg 200w, http:\/\/ekoauto.org\/wp-content\/uploads\/2017\/05\/plakat-2.jpeg 1189w\" sizes=\"(max-width: 802px) 100vw, 802px\" \/><\/p>\n","protected":false},"excerpt":{"rendered":"<p>&nbsp; Wielkimi krokami zbli\u017ca si\u0119 termin Og\u00f3lnopolskiej Konferencji dla stacji demonta\u017cu pojazd\u00f3w oraz bran\u017cy recyklingu, organizowanej przez Stowarzyszenie EKO-AUTO. Dla tych z Pa\u0144stwa, kt\u00f3rzy nie podj\u0119li jeszcze decyzji odno\u015bnie uczestnictwa w tym wydarzeniu proponujemy zapoznanie si\u0119 z aktualnym programem. Uwaga! Wype\u0142niony FORMULARZ ZG\u0141OSZENIOWY prosz\u0119 przes\u0142a\u0107 poczt\u0105 elektroniczn\u0105 na adres: biuro@ekoauto.org lub na numer faksu (61) &#8230; <a title=\"Trwaj\u0105 zapisy na Og\u00f3lnopolsk\u0105 Konferencj\u0119 dla stacji demonta\u017cu pojazd\u00f3w\u201eOszcz\u0119dzaj \u2013 Przetwarzaj \u2013 Zyskaj\u201d\" class=\"read-more\" href=\"http:\/\/ekoauto.org\/?p=2438\" aria-label=\"Read more about Trwaj\u0105 zapisy na Og\u00f3lnopolsk\u0105 Konferencj\u0119 dla stacji demonta\u017cu pojazd\u00f3w\u201eOszcz\u0119dzaj \u2013 Przetwarzaj \u2013 Zyskaj\u201d\">Dowiedz si\u0119 wi\u0119cej<\/a><\/p>\n","protected":false},"author":2,"featured_media":0,"comment_status":"open","ping_status":"open","sticky":false,"template":"","format":"standard","meta":{"_monsterinsights_skip_tracking":false,"_monsterinsights_sitenote_active":false,"_monsterinsights_sitenote_note":"","_monsterinsights_sitenote_category":0,"footnotes":""},"categories":[1],"tags":[],"class_list":["post-2438","post","type-post","status-publish","format-standard","hentry","category-bez-kategorii"],"_links":{"self":[{"href":"http:\/\/ekoauto.org\/index.php?rest_route=\/wp\/v2\/posts\/2438","targetHints":{"allow":["GET"]}}],"collection":[{"href":"http:\/\/ekoauto.org\/index.php?rest_route=\/wp\/v2\/posts"}],"about":[{"href":"http:\/\/ekoauto.org\/index.php?rest_route=\/wp\/v2\/types\/post"}],"author":[{"embeddable":true,"href":"http:\/\/ekoauto.org\/index.php?rest_route=\/wp\/v2\/users\/2"}],"replies":[{"embeddable":true,"href":"http:\/\/ekoauto.org\/index.php?rest_route=%2Fwp%2Fv2%2Fcomments&post=2438"}],"version-history":[{"count":17,"href":"http:\/\/ekoauto.org\/index.php?rest_route=\/wp\/v2\/posts\/2438\/revisions"}],"predecessor-version":[{"id":2476,"href":"http:\/\/ekoauto.org\/index.php?rest_route=\/wp\/v2\/posts\/2438\/revisions\/2476"}],"wp:attachment":[{"href":"http:\/\/ekoauto.org\/index.php?rest_route=%2Fwp%2Fv2%2Fmedia&parent=2438"}],"wp:term":[{"taxonomy":"category","embeddable":true,"href":"http:\/\/ekoauto.org\/index.php?rest_route=%2Fwp%2Fv2%2Fcategories&post=2438"},{"taxonomy":"post_tag","embeddable":true,"href":"http:\/\/ekoauto.org\/index.php?rest_route=%2Fwp%2Fv2%2Ftags&post=2438"}],"curies":[{"name":"wp","href":"https:\/\/api.w.org\/{rel}","templated":true}]}}