{"id":2432,"date":"2017-04-18T09:57:01","date_gmt":"2017-04-18T07:57:01","guid":{"rendered":"http:\/\/ekoauto.org\/?p=2432"},"modified":"2017-04-18T09:57:39","modified_gmt":"2017-04-18T07:57:39","slug":"honorowy-patronat-marszalka-wojewodztwa-malopolskiego-nad-konferencja-oszczedzaj-przetwarzaj-zyskaj","status":"publish","type":"post","link":"http:\/\/ekoauto.org\/?p=2432","title":{"rendered":"Honorowy Patronat Marsza\u0142ka Wojew\u00f3dztwa Ma\u0142opolskiego nad Konferencj\u0105 \u201eOszcz\u0119dzaj\u2013Przetwarzaj\u2013Zyskaj\u201d"},"content":{"rendered":"<p><img decoding=\"async\" class=\"alignleft wp-image-2433\" src=\"http:\/\/ekoauto.org\/wp-content\/uploads\/2017\/04\/Logo-Ma\u0142opolska-V-RGB.png\" alt=\"\" width=\"200\" height=\"104\" srcset=\"http:\/\/ekoauto.org\/wp-content\/uploads\/2017\/04\/Logo-Ma\u0142opolska-V-RGB.png 500w, http:\/\/ekoauto.org\/wp-content\/uploads\/2017\/04\/Logo-Ma\u0142opolska-V-RGB-300x156.png 300w, http:\/\/ekoauto.org\/wp-content\/uploads\/2017\/04\/Logo-Ma\u0142opolska-V-RGB-200x104.png 200w\" sizes=\"(max-width: 200px) 100vw, 200px\" \/><\/p>\n<p>Mamy zaszczyt poinformowa\u0107, i\u017c organizowana przez Stowarzyszenie EKO-AUTO Og\u00f3lnopolska Konferencja dla stacji demonta\u017cu pojazd\u00f3w oraz bran\u017cy recyclingu zosta\u0142a obj\u0119ta <b>Honorowym Patronatem Pana Jacka Krupy \u2013 Marsza\u0142ka Wojew\u00f3dztwa Ma\u0142opolskiego<\/b>.<\/p>\n<p>Wskazuje to niew\u0105tpliwie na rang\u0119 oraz s\u0142uszno\u015b\u0107 nadchodz\u0105cego wydarzenia, jak r\u00f3wnie\u017c doskona\u0142\u0105 okazj\u0119 do wymiany informacji.<\/p>\n<p>Serdecznie zapraszamy do wzi\u0119cia udzia\u0142u w tym wa\u017cnym spotkaniu!<\/p>\n","protected":false},"excerpt":{"rendered":"<p>Mamy zaszczyt poinformowa\u0107, i\u017c organizowana przez Stowarzyszenie EKO-AUTO Og\u00f3lnopolska Konferencja dla stacji demonta\u017cu pojazd\u00f3w oraz bran\u017cy recyclingu zosta\u0142a obj\u0119ta Honorowym Patronatem Pana Jacka Krupy \u2013 Marsza\u0142ka Wojew\u00f3dztwa Ma\u0142opolskiego. Wskazuje to niew\u0105tpliwie na rang\u0119 oraz s\u0142uszno\u015b\u0107 nadchodz\u0105cego wydarzenia, jak r\u00f3wnie\u017c doskona\u0142\u0105 okazj\u0119 do wymiany informacji. Serdecznie zapraszamy do wzi\u0119cia udzia\u0142u w tym wa\u017cnym spotkaniu!<\/p>\n","protected":false},"author":2,"featured_media":0,"comment_status":"open","ping_status":"open","sticky":false,"template":"","format":"standard","meta":{"_monsterinsights_skip_tracking":false,"_monsterinsights_sitenote_active":false,"_monsterinsights_sitenote_note":"","_monsterinsights_sitenote_category":0,"footnotes":""},"categories":[1],"tags":[],"class_list":["post-2432","post","type-post","status-publish","format-standard","hentry","category-bez-kategorii"],"_links":{"self":[{"href":"http:\/\/ekoauto.org\/index.php?rest_route=\/wp\/v2\/posts\/2432","targetHints":{"allow":["GET"]}}],"collection":[{"href":"http:\/\/ekoauto.org\/index.php?rest_route=\/wp\/v2\/posts"}],"about":[{"href":"http:\/\/ekoauto.org\/index.php?rest_route=\/wp\/v2\/types\/post"}],"author":[{"embeddable":true,"href":"http:\/\/ekoauto.org\/index.php?rest_route=\/wp\/v2\/users\/2"}],"replies":[{"embeddable":true,"href":"http:\/\/ekoauto.org\/index.php?rest_route=%2Fwp%2Fv2%2Fcomments&post=2432"}],"version-history":[{"count":4,"href":"http:\/\/ekoauto.org\/index.php?rest_route=\/wp\/v2\/posts\/2432\/revisions"}],"predecessor-version":[{"id":2437,"href":"http:\/\/ekoauto.org\/index.php?rest_route=\/wp\/v2\/posts\/2432\/revisions\/2437"}],"wp:attachment":[{"href":"http:\/\/ekoauto.org\/index.php?rest_route=%2Fwp%2Fv2%2Fmedia&parent=2432"}],"wp:term":[{"taxonomy":"category","embeddable":true,"href":"http:\/\/ekoauto.org\/index.php?rest_route=%2Fwp%2Fv2%2Fcategories&post=2432"},{"taxonomy":"post_tag","embeddable":true,"href":"http:\/\/ekoauto.org\/index.php?rest_route=%2Fwp%2Fv2%2Ftags&post=2432"}],"curies":[{"name":"wp","href":"https:\/\/api.w.org\/{rel}","templated":true}]}}