{"id":2232,"date":"2016-12-01T11:10:06","date_gmt":"2016-12-01T10:10:06","guid":{"rendered":"http:\/\/ekoauto.org\/?p=2232"},"modified":"2016-12-01T11:11:54","modified_gmt":"2016-12-01T10:11:54","slug":"fotorelacja-z-regionalnych-spotkan-branzowych","status":"publish","type":"post","link":"http:\/\/ekoauto.org\/?p=2232","title":{"rendered":"Fotorelacja z regionalnych spotka\u0144 bran\u017cowych"},"content":{"rendered":"<p>&nbsp;<\/p>\n<p style=\"text-align: justify;\">W ca\u0142ej Polsce trwaj\u0105 regionalne spotkania bran\u017cowe dla stacji demonta\u017cu.<br \/>\nCieszy nas du\u017ce zainteresowanie i Pa\u0144stwa obecno\u015b\u0107.<\/p>\n<p style=\"text-align: justify;\"><strong>Zach\u0119camy do spotkania si\u0119 z EKO-AUTO w Toruniu i Szczecinku.<\/strong><\/p>\n<div id='gallery-1' class='gallery galleryid-2232 gallery-columns-3 gallery-size-thumbnail'><figure class='gallery-item'>\n\t\t\t<div class='gallery-icon landscape'>\n\t\t\t\t<a href='http:\/\/ekoauto.org\/?attachment_id=2238#main'><img decoding=\"async\" width=\"100\" height=\"100\" src=\"http:\/\/ekoauto.org\/wp-content\/uploads\/2016\/12\/pu\u0142awy-2-100x100.jpeg\" class=\"attachment-thumbnail size-thumbnail\" alt=\"\" \/><\/a>\n\t\t\t<\/div><\/figure><figure class='gallery-item'>\n\t\t\t<div class='gallery-icon landscape'>\n\t\t\t\t<a href='http:\/\/ekoauto.org\/?attachment_id=2235#main'><img decoding=\"async\" width=\"100\" height=\"100\" src=\"http:\/\/ekoauto.org\/wp-content\/uploads\/2016\/12\/nowy-sacz-3-100x100.jpeg\" class=\"attachment-thumbnail size-thumbnail\" alt=\"\" \/><\/a>\n\t\t\t<\/div><\/figure><figure class='gallery-item'>\n\t\t\t<div class='gallery-icon landscape'>\n\t\t\t\t<a href='http:\/\/ekoauto.org\/?attachment_id=2233#main'><img decoding=\"async\" width=\"100\" height=\"100\" src=\"http:\/\/ekoauto.org\/wp-content\/uploads\/2016\/12\/nowy-sacz-1-100x100.jpeg\" class=\"attachment-thumbnail size-thumbnail\" alt=\"\" \/><\/a>\n\t\t\t<\/div><\/figure><figure class='gallery-item'>\n\t\t\t<div class='gallery-icon landscape'>\n\t\t\t\t<a href='http:\/\/ekoauto.org\/?attachment_id=2234#main'><img loading=\"lazy\" decoding=\"async\" width=\"100\" height=\"100\" src=\"http:\/\/ekoauto.org\/wp-content\/uploads\/2016\/12\/nowy-sacz-2-100x100.jpeg\" class=\"attachment-thumbnail size-thumbnail\" alt=\"\" \/><\/a>\n\t\t\t<\/div><\/figure><figure class='gallery-item'>\n\t\t\t<div class='gallery-icon landscape'>\n\t\t\t\t<a href='http:\/\/ekoauto.org\/?attachment_id=2237#main'><img loading=\"lazy\" decoding=\"async\" width=\"100\" height=\"100\" src=\"http:\/\/ekoauto.org\/wp-content\/uploads\/2016\/12\/pu\u0142awy-1-100x100.jpeg\" class=\"attachment-thumbnail size-thumbnail\" alt=\"\" \/><\/a>\n\t\t\t<\/div><\/figure>\n\t\t<\/div>\n\n","protected":false},"excerpt":{"rendered":"<p>&nbsp; W ca\u0142ej Polsce trwaj\u0105 regionalne spotkania bran\u017cowe dla stacji demonta\u017cu. Cieszy nas du\u017ce zainteresowanie i Pa\u0144stwa obecno\u015b\u0107. Zach\u0119camy do spotkania si\u0119 z EKO-AUTO w Toruniu i Szczecinku.<\/p>\n","protected":false},"author":2,"featured_media":0,"comment_status":"open","ping_status":"open","sticky":false,"template":"","format":"standard","meta":{"_monsterinsights_skip_tracking":false,"_monsterinsights_sitenote_active":false,"_monsterinsights_sitenote_note":"","_monsterinsights_sitenote_category":0,"footnotes":""},"categories":[1],"tags":[],"class_list":["post-2232","post","type-post","status-publish","format-standard","hentry","category-bez-kategorii"],"_links":{"self":[{"href":"http:\/\/ekoauto.org\/index.php?rest_route=\/wp\/v2\/posts\/2232","targetHints":{"allow":["GET"]}}],"collection":[{"href":"http:\/\/ekoauto.org\/index.php?rest_route=\/wp\/v2\/posts"}],"about":[{"href":"http:\/\/ekoauto.org\/index.php?rest_route=\/wp\/v2\/types\/post"}],"author":[{"embeddable":true,"href":"http:\/\/ekoauto.org\/index.php?rest_route=\/wp\/v2\/users\/2"}],"replies":[{"embeddable":true,"href":"http:\/\/ekoauto.org\/index.php?rest_route=%2Fwp%2Fv2%2Fcomments&post=2232"}],"version-history":[{"count":3,"href":"http:\/\/ekoauto.org\/index.php?rest_route=\/wp\/v2\/posts\/2232\/revisions"}],"predecessor-version":[{"id":2241,"href":"http:\/\/ekoauto.org\/index.php?rest_route=\/wp\/v2\/posts\/2232\/revisions\/2241"}],"wp:attachment":[{"href":"http:\/\/ekoauto.org\/index.php?rest_route=%2Fwp%2Fv2%2Fmedia&parent=2232"}],"wp:term":[{"taxonomy":"category","embeddable":true,"href":"http:\/\/ekoauto.org\/index.php?rest_route=%2Fwp%2Fv2%2Fcategories&post=2232"},{"taxonomy":"post_tag","embeddable":true,"href":"http:\/\/ekoauto.org\/index.php?rest_route=%2Fwp%2Fv2%2Ftags&post=2232"}],"curies":[{"name":"wp","href":"https:\/\/api.w.org\/{rel}","templated":true}]}}