{"id":2227,"date":"2016-11-29T14:36:48","date_gmt":"2016-11-29T13:36:48","guid":{"rendered":"http:\/\/ekoauto.org\/?p=2227"},"modified":"2016-11-29T14:36:48","modified_gmt":"2016-11-29T13:36:48","slug":"najblizsze-terminy-regionalnych-spotkan-branzowych-dla-stacji-demontazu-pojazdow","status":"publish","type":"post","link":"http:\/\/ekoauto.org\/?p=2227","title":{"rendered":"Najbli\u017csze terminy regionalnych spotka\u0144 bran\u017cowych dla stacji demonta\u017cu pojazd\u00f3w"},"content":{"rendered":"<p><strong><\/strong><\/p>\n<p>Serdecznie zapraszamy do udzia\u0142u w <strong>bezp\u0142atnych <\/strong>regionalnych spotkaniach bran\u017cowych dla w\u0142a\u015bcicieli stacji demonta\u017cu pojazd\u00f3w.<\/p>\n<p>Obecnie prowadzimy spotkania na terenie ca\u0142ej Polski tak, aby ka\u017cdy m\u00f3g\u0142 skorzysta\u0107 ze spotkania w dogodnej dla siebie lokalizacji i terminie.<\/p>\n<p>Poni\u017cej zamieszczamy terminarz najbli\u017cszych spotka\u0144 regionalnych.<\/p>\n<table border=\"1\" cellspacing=\"0\" cellpadding=\"0\">\n<tbody>\n<tr>\n<td valign=\"top\" width=\"205\"><strong>Termin<\/strong><\/td>\n<td valign=\"top\" width=\"205\"><strong>Lokalizacja<\/strong><\/td>\n<td valign=\"top\" width=\"205\"><strong>Formularz<\/strong><\/td>\n<\/tr>\n<tr>\n<td valign=\"top\" width=\"205\">30.11.2016r.<\/td>\n<td valign=\"top\" width=\"205\">Pu\u0142awy<\/td>\n<td valign=\"top\" width=\"205\">\u00a0<a href=\"http:\/\/ekoauto.org\/wp-content\/uploads\/2016\/11\/formularz-pulawy.jpeg\">Pobierz<\/a><\/td>\n<\/tr>\n<tr>\n<td valign=\"top\" width=\"205\">01.12.2016r.<\/td>\n<td valign=\"top\" width=\"205\">Nowy S\u0105cz<\/td>\n<td valign=\"top\" width=\"205\">\u00a0<a href=\"http:\/\/ekoauto.org\/wp-content\/uploads\/2016\/11\/formularz-nowy-sacz.jpeg\">Pobierz<\/a><\/td>\n<\/tr>\n<tr>\n<td valign=\"top\" width=\"205\">06.12.2016r.<\/td>\n<td valign=\"top\" width=\"205\">Toru\u0144<\/td>\n<td valign=\"top\" width=\"205\">\u00a0<a href=\"http:\/\/ekoauto.org\/wp-content\/uploads\/2016\/11\/formularz-torun.jpeg\">Pobierz<\/a><\/td>\n<\/tr>\n<tr>\n<td valign=\"top\" width=\"205\">07.12.2016r.<\/td>\n<td valign=\"top\" width=\"205\">Szczecinek<\/td>\n<td valign=\"top\" width=\"205\">\u00a0<a href=\"http:\/\/ekoauto.org\/wp-content\/uploads\/2016\/11\/formularz-szczecinek.jpeg\">Pobierz<\/a><\/td>\n<\/tr>\n<\/tbody>\n<\/table>\n","protected":false},"excerpt":{"rendered":"<p>Serdecznie zapraszamy do udzia\u0142u w bezp\u0142atnych regionalnych spotkaniach bran\u017cowych dla w\u0142a\u015bcicieli stacji demonta\u017cu pojazd\u00f3w. Obecnie prowadzimy spotkania na terenie ca\u0142ej Polski tak, aby ka\u017cdy m\u00f3g\u0142 skorzysta\u0107 ze spotkania w dogodnej dla siebie lokalizacji i terminie. Poni\u017cej zamieszczamy terminarz najbli\u017cszych spotka\u0144 regionalnych. Termin Lokalizacja Formularz 30.11.2016r. Pu\u0142awy \u00a0Pobierz 01.12.2016r. Nowy S\u0105cz \u00a0Pobierz 06.12.2016r. Toru\u0144 \u00a0Pobierz 07.12.2016r. &#8230; <a title=\"Najbli\u017csze terminy regionalnych spotka\u0144 bran\u017cowych dla stacji demonta\u017cu pojazd\u00f3w\" class=\"read-more\" href=\"http:\/\/ekoauto.org\/?p=2227\" aria-label=\"Read more about Najbli\u017csze terminy regionalnych spotka\u0144 bran\u017cowych dla stacji demonta\u017cu pojazd\u00f3w\">Dowiedz si\u0119 wi\u0119cej<\/a><\/p>\n","protected":false},"author":2,"featured_media":0,"comment_status":"open","ping_status":"open","sticky":false,"template":"","format":"standard","meta":{"_monsterinsights_skip_tracking":false,"_monsterinsights_sitenote_active":false,"_monsterinsights_sitenote_note":"","_monsterinsights_sitenote_category":0,"footnotes":""},"categories":[1],"tags":[],"class_list":["post-2227","post","type-post","status-publish","format-standard","hentry","category-bez-kategorii"],"_links":{"self":[{"href":"http:\/\/ekoauto.org\/index.php?rest_route=\/wp\/v2\/posts\/2227","targetHints":{"allow":["GET"]}}],"collection":[{"href":"http:\/\/ekoauto.org\/index.php?rest_route=\/wp\/v2\/posts"}],"about":[{"href":"http:\/\/ekoauto.org\/index.php?rest_route=\/wp\/v2\/types\/post"}],"author":[{"embeddable":true,"href":"http:\/\/ekoauto.org\/index.php?rest_route=\/wp\/v2\/users\/2"}],"replies":[{"embeddable":true,"href":"http:\/\/ekoauto.org\/index.php?rest_route=%2Fwp%2Fv2%2Fcomments&post=2227"}],"version-history":[{"count":1,"href":"http:\/\/ekoauto.org\/index.php?rest_route=\/wp\/v2\/posts\/2227\/revisions"}],"predecessor-version":[{"id":2228,"href":"http:\/\/ekoauto.org\/index.php?rest_route=\/wp\/v2\/posts\/2227\/revisions\/2228"}],"wp:attachment":[{"href":"http:\/\/ekoauto.org\/index.php?rest_route=%2Fwp%2Fv2%2Fmedia&parent=2227"}],"wp:term":[{"taxonomy":"category","embeddable":true,"href":"http:\/\/ekoauto.org\/index.php?rest_route=%2Fwp%2Fv2%2Fcategories&post=2227"},{"taxonomy":"post_tag","embeddable":true,"href":"http:\/\/ekoauto.org\/index.php?rest_route=%2Fwp%2Fv2%2Ftags&post=2227"}],"curies":[{"name":"wp","href":"https:\/\/api.w.org\/{rel}","templated":true}]}}