{"id":2205,"date":"2016-11-21T08:36:16","date_gmt":"2016-11-21T07:36:16","guid":{"rendered":"http:\/\/ekoauto.org\/?p=2205"},"modified":"2016-11-22T09:27:08","modified_gmt":"2016-11-22T08:27:08","slug":"przyszlosc-dyrektywy-532000we-i-branzy-elv-w-unii-europejskiej-delegacja-eko-auto-w-brukseli","status":"publish","type":"post","link":"http:\/\/ekoauto.org\/?p=2205","title":{"rendered":"Przysz\u0142o\u015b\u0107 Dyrektywy 53\/2000\/WE i bran\u017cy ELV w Unii Europejskiej &#8211; delegacja Eko-Auto w Brukseli"},"content":{"rendered":"<p>&nbsp;<\/p>\n<p><a href=\"http:\/\/ekoauto.org\/wp-content\/uploads\/2016\/11\/zdj.jpg\"><img fetchpriority=\"high\" decoding=\"async\" class=\"alignnone size-medium wp-image-2206\" alt=\"zdj\" src=\"http:\/\/ekoauto.org\/wp-content\/uploads\/2016\/11\/zdj-300x227.jpg\" width=\"300\" height=\"227\" srcset=\"http:\/\/ekoauto.org\/wp-content\/uploads\/2016\/11\/zdj-300x227.jpg 300w, http:\/\/ekoauto.org\/wp-content\/uploads\/2016\/11\/zdj-200x151.jpg 200w, http:\/\/ekoauto.org\/wp-content\/uploads\/2016\/11\/zdj.jpg 900w\" sizes=\"(max-width: 300px) 100vw, 300px\" \/><\/a><\/p>\n<p style=\"text-align: justify;\">Delegacja Polskiego Stowarzyszenia Stacji Demonta\u017cu Pojazd\u00f3w EKO-AUTO uda\u0142a si\u0119 dzi\u015b do Brukseli na spotkanie w celu om\u00f3wienia zmian Dyrektywy 53\/2000 WE dotycz\u0105cej pojazd\u00f3w wycofanych z eksploatacji.<\/p>\n<div id='gallery-1' class='gallery galleryid-2205 gallery-columns-3 gallery-size-thumbnail'><figure class='gallery-item'>\n\t\t\t<div class='gallery-icon landscape'>\n\t\t\t\t<a href='http:\/\/ekoauto.org\/?attachment_id=2218#main'><img decoding=\"async\" width=\"100\" height=\"100\" src=\"http:\/\/ekoauto.org\/wp-content\/uploads\/2016\/11\/Bez\u00a0tytu\u0142u-100x100.png\" class=\"attachment-thumbnail size-thumbnail\" alt=\"\" \/><\/a>\n\t\t\t<\/div><\/figure><figure class='gallery-item'>\n\t\t\t<div class='gallery-icon landscape'>\n\t\t\t\t<a href='http:\/\/ekoauto.org\/?attachment_id=2216#main'><img decoding=\"async\" width=\"100\" height=\"100\" src=\"http:\/\/ekoauto.org\/wp-content\/uploads\/2016\/11\/Image-1-100x100.jpg\" class=\"attachment-thumbnail size-thumbnail\" alt=\"\" \/><\/a>\n\t\t\t<\/div><\/figure><figure class='gallery-item'>\n\t\t\t<div class='gallery-icon portrait'>\n\t\t\t\t<a href='http:\/\/ekoauto.org\/?attachment_id=2217#main'><img loading=\"lazy\" decoding=\"async\" width=\"100\" height=\"100\" src=\"http:\/\/ekoauto.org\/wp-content\/uploads\/2016\/11\/Image-2-100x100.jpg\" class=\"attachment-thumbnail size-thumbnail\" alt=\"\" \/><\/a>\n\t\t\t<\/div><\/figure><figure class='gallery-item'>\n\t\t\t<div class='gallery-icon portrait'>\n\t\t\t\t<a href='http:\/\/ekoauto.org\/?attachment_id=2220#main'><img loading=\"lazy\" decoding=\"async\" width=\"100\" height=\"100\" src=\"http:\/\/ekoauto.org\/wp-content\/uploads\/2016\/11\/IMG_41671-100x100.jpg\" class=\"attachment-thumbnail size-thumbnail\" alt=\"\" \/><\/a>\n\t\t\t<\/div><\/figure>\n\t\t<\/div>\n\n<p style=\"text-align: justify;\">O szczeg\u00f3\u0142ach poinformujemy Pa\u0144stwa wkr\u00f3tce.<\/p>\n","protected":false},"excerpt":{"rendered":"<p>&nbsp; Delegacja Polskiego Stowarzyszenia Stacji Demonta\u017cu Pojazd\u00f3w EKO-AUTO uda\u0142a si\u0119 dzi\u015b do Brukseli na spotkanie w celu om\u00f3wienia zmian Dyrektywy 53\/2000 WE dotycz\u0105cej pojazd\u00f3w wycofanych z eksploatacji. O szczeg\u00f3\u0142ach poinformujemy Pa\u0144stwa wkr\u00f3tce.<\/p>\n","protected":false},"author":2,"featured_media":0,"comment_status":"open","ping_status":"open","sticky":false,"template":"","format":"standard","meta":{"_monsterinsights_skip_tracking":false,"_monsterinsights_sitenote_active":false,"_monsterinsights_sitenote_note":"","_monsterinsights_sitenote_category":0,"footnotes":""},"categories":[1],"tags":[],"class_list":["post-2205","post","type-post","status-publish","format-standard","hentry","category-bez-kategorii"],"_links":{"self":[{"href":"http:\/\/ekoauto.org\/index.php?rest_route=\/wp\/v2\/posts\/2205","targetHints":{"allow":["GET"]}}],"collection":[{"href":"http:\/\/ekoauto.org\/index.php?rest_route=\/wp\/v2\/posts"}],"about":[{"href":"http:\/\/ekoauto.org\/index.php?rest_route=\/wp\/v2\/types\/post"}],"author":[{"embeddable":true,"href":"http:\/\/ekoauto.org\/index.php?rest_route=\/wp\/v2\/users\/2"}],"replies":[{"embeddable":true,"href":"http:\/\/ekoauto.org\/index.php?rest_route=%2Fwp%2Fv2%2Fcomments&post=2205"}],"version-history":[{"count":4,"href":"http:\/\/ekoauto.org\/index.php?rest_route=\/wp\/v2\/posts\/2205\/revisions"}],"predecessor-version":[{"id":2221,"href":"http:\/\/ekoauto.org\/index.php?rest_route=\/wp\/v2\/posts\/2205\/revisions\/2221"}],"wp:attachment":[{"href":"http:\/\/ekoauto.org\/index.php?rest_route=%2Fwp%2Fv2%2Fmedia&parent=2205"}],"wp:term":[{"taxonomy":"category","embeddable":true,"href":"http:\/\/ekoauto.org\/index.php?rest_route=%2Fwp%2Fv2%2Fcategories&post=2205"},{"taxonomy":"post_tag","embeddable":true,"href":"http:\/\/ekoauto.org\/index.php?rest_route=%2Fwp%2Fv2%2Ftags&post=2205"}],"curies":[{"name":"wp","href":"https:\/\/api.w.org\/{rel}","templated":true}]}}