{"id":2150,"date":"2016-11-08T08:36:19","date_gmt":"2016-11-08T07:36:19","guid":{"rendered":"http:\/\/ekoauto.org\/?p=2150"},"modified":"2016-11-25T15:45:23","modified_gmt":"2016-11-25T14:45:23","slug":"terminarz-regionalnych-spotkan-branzowych-dla-wlascicieli-stacji-demontazu-pojazdow-2","status":"publish","type":"post","link":"http:\/\/ekoauto.org\/?p=2150","title":{"rendered":"Terminarz regionalnych spotka\u0144 bran\u017cowych dla w\u0142a\u015bcicieli stacji demonta\u017cu pojazd\u00f3w"},"content":{"rendered":"<p>&nbsp;<\/p>\n<p>Serdecznie zapraszamy do udzia\u0142u w <strong><span style=\"text-decoration: underline;\">bezp\u0142atnych <\/span><\/strong>regionalnych spotkaniach bran\u017cowych dla w\u0142a\u015bcicieli stacji demonta\u017cu pojazd\u00f3w.<\/p>\n<p>Przewidzieli\u015bmy spotkania na terenie ca\u0142ej Polski tak, aby ka\u017cdy m\u00f3g\u0142 skorzysta\u0107 ze spotkania w dogodnej dla siebie lokalizacji i terminie.<\/p>\n<p>Poni\u017cej zamieszczamy terminarz spotka\u0144 regionalnych.<\/p>\n<table width=\"608\" border=\"1\" cellspacing=\"0\" cellpadding=\"0\">\n<tbody>\n<tr>\n<td width=\"126\">\n<p align=\"center\"><span style=\"color: #008000;\"><b>Data<\/b><\/span><\/p>\n<\/td>\n<td width=\"257\"><span style=\"color: #008000;\"><b>Miejsce regionalnego spotkania bran\u017cowego dla SDP<\/b><\/span><\/td>\n<td valign=\"top\" width=\"225\"><span style=\"color: #008000;\"><b>Formularz zg\u0142oszeniowy<\/b><\/span><\/td>\n<\/tr>\n<tr>\n<td width=\"126\"><\/td>\n<td width=\"257\"><\/td>\n<td valign=\"top\" width=\"225\"><\/td>\n<\/tr>\n<tr>\n<td>\n<p align=\"center\">16.11.2016<\/p>\n<\/td>\n<td>Legnica<\/td>\n<td valign=\"top\"><\/td>\n<\/tr>\n<tr>\n<td>\n<p align=\"center\">17.11.2016 r.<\/p>\n<\/td>\n<td>Sosnowiec<\/td>\n<td valign=\"top\"><\/td>\n<\/tr>\n<tr>\n<td>\n<p align=\"center\">18.11.2016 r.<\/p>\n<\/td>\n<td>Kutno<\/td>\n<td valign=\"top\"><\/td>\n<\/tr>\n<tr>\n<td>\n<p align=\"center\">23.11.2016 r.<\/p>\n<\/td>\n<td>\u015awiebodzin<\/td>\n<td valign=\"top\"><\/td>\n<\/tr>\n<tr>\n<td>\n<p align=\"center\">28.11.2016r.<\/p>\n<\/td>\n<td>Ostr\u00f3da<\/td>\n<td valign=\"top\"><\/td>\n<\/tr>\n<tr>\n<td>\n<p align=\"center\">29.11.2016r.<\/p>\n<\/td>\n<td>\u0141om\u017ca<\/td>\n<td valign=\"top\"><\/td>\n<\/tr>\n<tr>\n<td>\n<p align=\"center\">30.11.2016r.<\/p>\n<\/td>\n<td>Pu\u0142awy<\/td>\n<td valign=\"top\">\u00a0<a href=\"http:\/\/ekoauto.org\/wp-content\/uploads\/2016\/11\/formularz-pulawy.jpeg\">Pobierz<\/a><\/td>\n<\/tr>\n<tr>\n<td>\n<p align=\"center\">01.12.2016r.<\/p>\n<\/td>\n<td>Nowy S\u0105cz<\/td>\n<td valign=\"top\">\u00a0<a href=\"http:\/\/ekoauto.org\/wp-content\/uploads\/2016\/11\/formularz-nowy-sacz.jpeg\">Pobierz<\/a><\/td>\n<\/tr>\n<tr>\n<td>\n<p align=\"center\">06.12.2016 r.<\/p>\n<\/td>\n<td>Toru\u0144<\/td>\n<td valign=\"top\">\u00a0<a href=\"http:\/\/ekoauto.org\/wp-content\/uploads\/2016\/11\/formularz-torun.jpeg\">Pobierz<\/a><\/td>\n<\/tr>\n<tr>\n<td>\n<p align=\"center\">07.12.2016 r.<\/p>\n<\/td>\n<td>Szczecinek<\/td>\n<td valign=\"top\">\u00a0<a href=\"http:\/\/ekoauto.org\/wp-content\/uploads\/2016\/11\/formularz-szczecinek.jpeg\">Pobierz<\/a><\/td>\n<\/tr>\n<\/tbody>\n<\/table>\n<p><strong>Bli\u017csze informacje pod nr tel +48\u00a0533\u00a0666\u00a0815.<\/strong><\/p>\n","protected":false},"excerpt":{"rendered":"<p>&nbsp; Serdecznie zapraszamy do udzia\u0142u w bezp\u0142atnych regionalnych spotkaniach bran\u017cowych dla w\u0142a\u015bcicieli stacji demonta\u017cu pojazd\u00f3w. Przewidzieli\u015bmy spotkania na terenie ca\u0142ej Polski tak, aby ka\u017cdy m\u00f3g\u0142 skorzysta\u0107 ze spotkania w dogodnej dla siebie lokalizacji i terminie. Poni\u017cej zamieszczamy terminarz spotka\u0144 regionalnych. Data Miejsce regionalnego spotkania bran\u017cowego dla SDP Formularz zg\u0142oszeniowy 16.11.2016 Legnica 17.11.2016 r. Sosnowiec 18.11.2016 &#8230; <a title=\"Terminarz regionalnych spotka\u0144 bran\u017cowych dla w\u0142a\u015bcicieli stacji demonta\u017cu pojazd\u00f3w\" class=\"read-more\" href=\"http:\/\/ekoauto.org\/?p=2150\" aria-label=\"Read more about Terminarz regionalnych spotka\u0144 bran\u017cowych dla w\u0142a\u015bcicieli stacji demonta\u017cu pojazd\u00f3w\">Dowiedz si\u0119 wi\u0119cej<\/a><\/p>\n","protected":false},"author":2,"featured_media":0,"comment_status":"open","ping_status":"open","sticky":false,"template":"","format":"standard","meta":{"_monsterinsights_skip_tracking":false,"_monsterinsights_sitenote_active":false,"_monsterinsights_sitenote_note":"","_monsterinsights_sitenote_category":0,"footnotes":""},"categories":[1],"tags":[],"class_list":["post-2150","post","type-post","status-publish","format-standard","hentry","category-bez-kategorii"],"_links":{"self":[{"href":"http:\/\/ekoauto.org\/index.php?rest_route=\/wp\/v2\/posts\/2150","targetHints":{"allow":["GET"]}}],"collection":[{"href":"http:\/\/ekoauto.org\/index.php?rest_route=\/wp\/v2\/posts"}],"about":[{"href":"http:\/\/ekoauto.org\/index.php?rest_route=\/wp\/v2\/types\/post"}],"author":[{"embeddable":true,"href":"http:\/\/ekoauto.org\/index.php?rest_route=\/wp\/v2\/users\/2"}],"replies":[{"embeddable":true,"href":"http:\/\/ekoauto.org\/index.php?rest_route=%2Fwp%2Fv2%2Fcomments&post=2150"}],"version-history":[{"count":15,"href":"http:\/\/ekoauto.org\/index.php?rest_route=\/wp\/v2\/posts\/2150\/revisions"}],"predecessor-version":[{"id":2224,"href":"http:\/\/ekoauto.org\/index.php?rest_route=\/wp\/v2\/posts\/2150\/revisions\/2224"}],"wp:attachment":[{"href":"http:\/\/ekoauto.org\/index.php?rest_route=%2Fwp%2Fv2%2Fmedia&parent=2150"}],"wp:term":[{"taxonomy":"category","embeddable":true,"href":"http:\/\/ekoauto.org\/index.php?rest_route=%2Fwp%2Fv2%2Fcategories&post=2150"},{"taxonomy":"post_tag","embeddable":true,"href":"http:\/\/ekoauto.org\/index.php?rest_route=%2Fwp%2Fv2%2Ftags&post=2150"}],"curies":[{"name":"wp","href":"https:\/\/api.w.org\/{rel}","templated":true}]}}