{"id":2126,"date":"2016-11-04T13:48:12","date_gmt":"2016-11-04T12:48:12","guid":{"rendered":"http:\/\/ekoauto.org\/?p=2126"},"modified":"2016-11-07T14:38:46","modified_gmt":"2016-11-07T13:38:46","slug":"regionalne-spotkania-branzowe-dla-wlascicieli-stacji-demontazu-pojazdow","status":"publish","type":"post","link":"http:\/\/ekoauto.org\/?p=2126","title":{"rendered":"Regionalne spotkania bran\u017cowe dla w\u0142a\u015bcicieli Stacji Demonta\u017cu Pojazd\u00f3w"},"content":{"rendered":"<p style=\"text-align: justify;\">\n<p style=\"text-align: justify;\">W ramach realizowanego przez Polskie Stowarzyszenie Stacji Demonta\u017cu Pojazd\u00f3w EKO-AUTO projektu <strong>systemowego wspierania dzia\u0142al<\/strong><strong>no\u015bci stacji demonta\u017cu pojazd\u00f3w<\/strong> organizujemy dla w\u0142a\u015bcicieli SDP cykl regionalnych spotka\u0144 bran\u017cowych na terenie ca\u0142ej Polski.<\/p>\n<p style=\"text-align: justify;\">Spotkania odbywaj\u0105 si\u0119 pod has\u0142em <b>\u201ePrzysz\u0142o\u015b\u0107 i wyzwania dla bran\u017cy recyklingu w obliczu niejasnych uwarunkowa\u0144 prawnych\u201d<\/b> i s\u0142u\u017c\u0105 wymianie do\u015bwiadcze\u0144 przedsi\u0119biorc\u00f3w oraz\u00a0uzyskaniu najnowszych informacji o zmianach w bran\u017cy.<\/p>\n<p style=\"text-align: justify;\">Aby umo\u017cliwi\u0107 obecno\u015b\u0107 wszystkim zainteresowanym t\u0105 istotn\u0105 dla prowadzonej dzia\u0142alno\u015bci tematyk\u0105,<span style=\"color: #ff0000;\"><br \/>\n<strong>UDZIA\u0141<\/strong> <strong>W TYCH SPOTKANIACH JEST<\/strong><b> BEZP\u0141ATNY<\/b>.<\/span><\/p>\n<p style=\"text-align: justify;\"><a href=\"http:\/\/ekoauto.org\/wp-content\/uploads\/2016\/11\/zaproszenie.jpeg\"><img fetchpriority=\"high\" decoding=\"async\" class=\"alignnone size-large wp-image-2128\" alt=\"Zaproszenie na spotkania bran\u017cowe\" src=\"http:\/\/ekoauto.org\/wp-content\/uploads\/2016\/11\/zaproszenie-704x1024.jpeg\" width=\"704\" height=\"1024\" srcset=\"http:\/\/ekoauto.org\/wp-content\/uploads\/2016\/11\/zaproszenie-704x1024.jpeg 704w, http:\/\/ekoauto.org\/wp-content\/uploads\/2016\/11\/zaproszenie-206x300.jpeg 206w, http:\/\/ekoauto.org\/wp-content\/uploads\/2016\/11\/zaproszenie-137x200.jpeg 137w, http:\/\/ekoauto.org\/wp-content\/uploads\/2016\/11\/zaproszenie.jpeg 1197w\" sizes=\"(max-width: 704px) 100vw, 704px\" \/><\/a><\/p>\n<p>&nbsp;<\/p>\n","protected":false},"excerpt":{"rendered":"<p>W ramach realizowanego przez Polskie Stowarzyszenie Stacji Demonta\u017cu Pojazd\u00f3w EKO-AUTO projektu systemowego wspierania dzia\u0142alno\u015bci stacji demonta\u017cu pojazd\u00f3w organizujemy dla w\u0142a\u015bcicieli SDP cykl regionalnych spotka\u0144 bran\u017cowych na terenie ca\u0142ej Polski. Spotkania odbywaj\u0105 si\u0119 pod has\u0142em \u201ePrzysz\u0142o\u015b\u0107 i wyzwania dla bran\u017cy recyklingu w obliczu niejasnych uwarunkowa\u0144 prawnych\u201d i s\u0142u\u017c\u0105 wymianie do\u015bwiadcze\u0144 przedsi\u0119biorc\u00f3w oraz\u00a0uzyskaniu najnowszych informacji o zmianach &#8230; <a title=\"Regionalne spotkania bran\u017cowe dla w\u0142a\u015bcicieli Stacji Demonta\u017cu Pojazd\u00f3w\" class=\"read-more\" href=\"http:\/\/ekoauto.org\/?p=2126\" aria-label=\"Read more about Regionalne spotkania bran\u017cowe dla w\u0142a\u015bcicieli Stacji Demonta\u017cu Pojazd\u00f3w\">Dowiedz si\u0119 wi\u0119cej<\/a><\/p>\n","protected":false},"author":2,"featured_media":0,"comment_status":"open","ping_status":"open","sticky":false,"template":"","format":"standard","meta":{"_monsterinsights_skip_tracking":false,"_monsterinsights_sitenote_active":false,"_monsterinsights_sitenote_note":"","_monsterinsights_sitenote_category":0,"footnotes":""},"categories":[1],"tags":[],"class_list":["post-2126","post","type-post","status-publish","format-standard","hentry","category-bez-kategorii"],"_links":{"self":[{"href":"http:\/\/ekoauto.org\/index.php?rest_route=\/wp\/v2\/posts\/2126","targetHints":{"allow":["GET"]}}],"collection":[{"href":"http:\/\/ekoauto.org\/index.php?rest_route=\/wp\/v2\/posts"}],"about":[{"href":"http:\/\/ekoauto.org\/index.php?rest_route=\/wp\/v2\/types\/post"}],"author":[{"embeddable":true,"href":"http:\/\/ekoauto.org\/index.php?rest_route=\/wp\/v2\/users\/2"}],"replies":[{"embeddable":true,"href":"http:\/\/ekoauto.org\/index.php?rest_route=%2Fwp%2Fv2%2Fcomments&post=2126"}],"version-history":[{"count":4,"href":"http:\/\/ekoauto.org\/index.php?rest_route=\/wp\/v2\/posts\/2126\/revisions"}],"predecessor-version":[{"id":2136,"href":"http:\/\/ekoauto.org\/index.php?rest_route=\/wp\/v2\/posts\/2126\/revisions\/2136"}],"wp:attachment":[{"href":"http:\/\/ekoauto.org\/index.php?rest_route=%2Fwp%2Fv2%2Fmedia&parent=2126"}],"wp:term":[{"taxonomy":"category","embeddable":true,"href":"http:\/\/ekoauto.org\/index.php?rest_route=%2Fwp%2Fv2%2Fcategories&post=2126"},{"taxonomy":"post_tag","embeddable":true,"href":"http:\/\/ekoauto.org\/index.php?rest_route=%2Fwp%2Fv2%2Ftags&post=2126"}],"curies":[{"name":"wp","href":"https:\/\/api.w.org\/{rel}","templated":true}]}}