{"id":2103,"date":"2016-10-17T08:47:10","date_gmt":"2016-10-17T06:47:10","guid":{"rendered":"http:\/\/ekoauto.org\/?p=2103"},"modified":"2016-10-17T09:55:27","modified_gmt":"2016-10-17T07:55:27","slug":"fotorelacja-z-ogolnopolskiej-konferencji-recykling-na-murawie","status":"publish","type":"post","link":"http:\/\/ekoauto.org\/?p=2103","title":{"rendered":"Fotorelacja z Og\u00f3lnopolskiej Konferencji &#8222;Recykling na murawie&#8221;"},"content":{"rendered":"<p>&nbsp;<\/p>\n<p><a href=\"http:\/\/ekoauto.org\/wp-content\/uploads\/2016\/10\/photo-431119_640.jpg\"><img decoding=\"async\" class=\"alignnone size-thumbnail wp-image-2106\" alt=\"photo-431119_640\" src=\"http:\/\/ekoauto.org\/wp-content\/uploads\/2016\/10\/photo-431119_640-100x100.jpg\" width=\"100\" height=\"100\" \/><\/a><\/p>\n<p style=\"text-align: justify;\">Serdecznie zach\u0119camy do zapoznania si\u0119 z galeri\u0105 zdj\u0119\u0107 z Og\u00f3lnopolskiej Konferencji dla Stacji Demonta\u017cu Pojazd\u00f3w oraz Punkt\u00f3w Skupu Z\u0142omu &#8222;Recykling na murawie&#8221;.<\/p>\n<p><a href=\"https:\/\/www.dropbox.com\/sh\/fox9qb3gzchp2rf\/AAC-P6SpcR_RHw2qdD6Hd95Ua?dl=0\">FOTORELACJA<\/a><\/p>\n","protected":false},"excerpt":{"rendered":"<p>&nbsp; Serdecznie zach\u0119camy do zapoznania si\u0119 z galeri\u0105 zdj\u0119\u0107 z Og\u00f3lnopolskiej Konferencji dla Stacji Demonta\u017cu Pojazd\u00f3w oraz Punkt\u00f3w Skupu Z\u0142omu &#8222;Recykling na murawie&#8221;. FOTORELACJA<\/p>\n","protected":false},"author":2,"featured_media":0,"comment_status":"open","ping_status":"open","sticky":false,"template":"","format":"standard","meta":{"_monsterinsights_skip_tracking":false,"_monsterinsights_sitenote_active":false,"_monsterinsights_sitenote_note":"","_monsterinsights_sitenote_category":0,"footnotes":""},"categories":[1],"tags":[],"class_list":["post-2103","post","type-post","status-publish","format-standard","hentry","category-bez-kategorii"],"_links":{"self":[{"href":"http:\/\/ekoauto.org\/index.php?rest_route=\/wp\/v2\/posts\/2103","targetHints":{"allow":["GET"]}}],"collection":[{"href":"http:\/\/ekoauto.org\/index.php?rest_route=\/wp\/v2\/posts"}],"about":[{"href":"http:\/\/ekoauto.org\/index.php?rest_route=\/wp\/v2\/types\/post"}],"author":[{"embeddable":true,"href":"http:\/\/ekoauto.org\/index.php?rest_route=\/wp\/v2\/users\/2"}],"replies":[{"embeddable":true,"href":"http:\/\/ekoauto.org\/index.php?rest_route=%2Fwp%2Fv2%2Fcomments&post=2103"}],"version-history":[{"count":5,"href":"http:\/\/ekoauto.org\/index.php?rest_route=\/wp\/v2\/posts\/2103\/revisions"}],"predecessor-version":[{"id":2115,"href":"http:\/\/ekoauto.org\/index.php?rest_route=\/wp\/v2\/posts\/2103\/revisions\/2115"}],"wp:attachment":[{"href":"http:\/\/ekoauto.org\/index.php?rest_route=%2Fwp%2Fv2%2Fmedia&parent=2103"}],"wp:term":[{"taxonomy":"category","embeddable":true,"href":"http:\/\/ekoauto.org\/index.php?rest_route=%2Fwp%2Fv2%2Fcategories&post=2103"},{"taxonomy":"post_tag","embeddable":true,"href":"http:\/\/ekoauto.org\/index.php?rest_route=%2Fwp%2Fv2%2Ftags&post=2103"}],"curies":[{"name":"wp","href":"https:\/\/api.w.org\/{rel}","templated":true}]}}