{"id":2078,"date":"2016-10-14T15:42:39","date_gmt":"2016-10-14T13:42:39","guid":{"rendered":"http:\/\/ekoauto.org\/?p=2078"},"modified":"2016-10-20T09:43:57","modified_gmt":"2016-10-20T07:43:57","slug":"podsumowanie-konferencji-recykling-na-murawie-materialy","status":"publish","type":"post","link":"http:\/\/ekoauto.org\/?p=2078","title":{"rendered":"Podsumowanie Konferencji &#8222;Recykling na murawie&#8221; &#8211; materia\u0142y"},"content":{"rendered":"<p>&nbsp;<\/p>\n<p style=\"text-align: justify;\">Aby umo\u017cliwi\u0107 Pa\u0144stwu dog\u0142\u0119bne zapoznanie si\u0119 z tre\u015bciami prezentowanymi podczas Og\u00f3lnopolskiej Konferencji dla Stacji Demonta\u017cu Pojazd\u00f3w i Punkt\u00f3w Skupu Z\u0142omu zamieszczamy materia\u0142y prelegent\u00f3w, bior\u0105cych udzia\u0142 w tym wydarzeniu.<\/p>\n<p style=\"text-align: justify;\">1.\u00a0<a href=\"http:\/\/ekoauto.org\/wp-content\/uploads\/2016\/10\/GZO-\u2013-gospodarka-zamkni\u0119tego-obiegu-materia\u0142owego-realizowana-w-klastrze-gospodarki-odpadowej-i-recyklingu-\u2013-Marta-Laskowska.pdf\">Gospodarka zamkni\u0119tego obiegu materia\u0142owego realizowana w klastrze gospodarki odpadowej i recyklingu<\/a> &#8211; Pani Marta Laskowska<\/p>\n<p style=\"text-align: justify;\">2.\u00a0<a href=\"http:\/\/ekoauto.org\/wp-content\/uploads\/2016\/10\/Koszt-zagospodarowania-odpad\u00f3w-zamiast-dop\u0142at-do-demonta\u017cu-pojazd\u00f3w-Jakub-Smakulski.pdf\">Koszt zagospodarowania odpad\u00f3w zamiast dop\u0142at do demonta\u017cu pojazd\u00f3w<\/a> &#8211; Pan Jakub Smakulski<\/p>\n<p style=\"text-align: justify;\">3.\u00a0<a href=\"http:\/\/ekoauto.org\/wp-content\/uploads\/2016\/10\/MOTO2.pl-\u0141ukasz-Piasecki.pdf\">MOTO2.pl<\/a> &#8211; Pan \u0141ukasz Piasecki<\/p>\n<p style=\"text-align: justify;\">4.\u00a0<a href=\"http:\/\/ekoauto.org\/wp-content\/uploads\/2016\/10\/Prezentacja-PGE-Narodowy-Warszawa.pdf\">Prezentacja PGE Narodowy Warszawa<\/a><\/p>\n<p style=\"text-align: justify;\">5. <a href=\"http:\/\/ekoauto.org\/wp-content\/uploads\/2016\/10\/Tendencje-i-zmiany-w-budowie-oraz-ekspoloatacji-pojazd\u00f3w-a-ochrona-\u015brodowiska-dr-in\u017c.-Piotr-\u017bach.pdf\">Tendencje i zmiany w budowie oraz ekspoloatacji pojazd\u00f3w a ochrona \u015brodowiska<\/a>\u00a0 &#8211; Pan dr in\u017c. Piotr \u017bach<\/p>\n<p style=\"text-align: justify;\">6. <a href=\"http:\/\/ekoauto.org\/wp-content\/uploads\/2016\/10\/Ustawa-z-dnia-27-maja-2015-r.-o-zmianie-ustawy-o-recyklingu-pojazd\u00f3w-wycofanych-z-eksploatacji-Arkadiusz-Dzir\u017canowski.pdf\">Ustawa z dnia 27 maja 2015 r. o zmianie ustawy o recyklingu pojazd\u00f3w wycofanych z eksploatacji<\/a>&#8211; Pan Arkadiusz Dzier\u017canowski<\/p>\n<p style=\"text-align: justify;\">7.\u00a0<a href=\"http:\/\/ekoauto.org\/wp-content\/uploads\/2016\/10\/Wasz-partner-w-ochronie-\u015brodowiska-Ekolog-Sp.-z-o.o.-Roma-Zi\u00f3\u0142kowska.pdf\">Wasz partner w ochronie \u015brodowiska Ekolog Sp. z o.o. <\/a> &#8211; Pani Roma Zi\u00f3\u0142kowska<\/p>\n<p style=\"text-align: justify;\">8.\u00a0<a href=\"http:\/\/ekoauto.org\/wp-content\/uploads\/2016\/10\/Wymagania-prawne-w-zakresie-wwozu-do-kraju-pojazd\u00f3w-u\u017cywanych-i-ograniczenia-wynikaj\u0105ce-z-ustawy-o-m.p.o.-J\u00f3zef-Kosecki.pdf\">Wymagania prawne w zakresie wwozu do kraju pojazd\u00f3w u\u017cywanych i ograniczenia wynikaj\u0105ce z ustawy o m.p.o.<\/a> &#8211; Pan J\u00f3zef Kosecki<\/p>\n<p style=\"text-align: justify;\">9. <a href=\"http:\/\/ekoauto.org\/wp-content\/uploads\/2016\/10\/Platinium.pdf\">Platinium MM<\/a> &#8211; Pan Marcin \u017byli\u0144ski<\/p>\n<p style=\"text-align: justify;\">10. <a href=\"http:\/\/ekoauto.org\/wp-content\/uploads\/2016\/10\/Watrec.pdf\">Watrec &#8211; produkcja &#8222;czystego paliwa&#8221; ze zu\u017cytych opon samochodowych<\/a>&#8211; Pan Andrzej Tatol<\/p>\n<p style=\"text-align: justify;\">11. <a href=\"http:\/\/ekoauto.org\/wp-content\/uploads\/2016\/10\/Park-samochod\u00f3w-zarejestrowanych-w-Polsce-Micha\u0142-Wekiera.pdf\">Park samochod\u00f3w zarejestrowanych w Polsce<\/a> &#8211; Pan Micha\u0142 Wekiera<\/p>\n","protected":false},"excerpt":{"rendered":"<p>&nbsp; Aby umo\u017cliwi\u0107 Pa\u0144stwu dog\u0142\u0119bne zapoznanie si\u0119 z tre\u015bciami prezentowanymi podczas Og\u00f3lnopolskiej Konferencji dla Stacji Demonta\u017cu Pojazd\u00f3w i Punkt\u00f3w Skupu Z\u0142omu zamieszczamy materia\u0142y prelegent\u00f3w, bior\u0105cych udzia\u0142 w tym wydarzeniu. 1.\u00a0Gospodarka zamkni\u0119tego obiegu materia\u0142owego realizowana w klastrze gospodarki odpadowej i recyklingu &#8211; Pani Marta Laskowska 2.\u00a0Koszt zagospodarowania odpad\u00f3w zamiast dop\u0142at do demonta\u017cu pojazd\u00f3w &#8211; Pan Jakub &#8230; <a title=\"Podsumowanie Konferencji &#8222;Recykling na murawie&#8221; &#8211; materia\u0142y\" class=\"read-more\" href=\"http:\/\/ekoauto.org\/?p=2078\" aria-label=\"Read more about Podsumowanie Konferencji &#8222;Recykling na murawie&#8221; &#8211; materia\u0142y\">Dowiedz si\u0119 wi\u0119cej<\/a><\/p>\n","protected":false},"author":2,"featured_media":0,"comment_status":"open","ping_status":"open","sticky":false,"template":"","format":"standard","meta":{"_monsterinsights_skip_tracking":false,"_monsterinsights_sitenote_active":false,"_monsterinsights_sitenote_note":"","_monsterinsights_sitenote_category":0,"footnotes":""},"categories":[1],"tags":[],"class_list":["post-2078","post","type-post","status-publish","format-standard","hentry","category-bez-kategorii"],"_links":{"self":[{"href":"http:\/\/ekoauto.org\/index.php?rest_route=\/wp\/v2\/posts\/2078","targetHints":{"allow":["GET"]}}],"collection":[{"href":"http:\/\/ekoauto.org\/index.php?rest_route=\/wp\/v2\/posts"}],"about":[{"href":"http:\/\/ekoauto.org\/index.php?rest_route=\/wp\/v2\/types\/post"}],"author":[{"embeddable":true,"href":"http:\/\/ekoauto.org\/index.php?rest_route=\/wp\/v2\/users\/2"}],"replies":[{"embeddable":true,"href":"http:\/\/ekoauto.org\/index.php?rest_route=%2Fwp%2Fv2%2Fcomments&post=2078"}],"version-history":[{"count":7,"href":"http:\/\/ekoauto.org\/index.php?rest_route=\/wp\/v2\/posts\/2078\/revisions"}],"predecessor-version":[{"id":2124,"href":"http:\/\/ekoauto.org\/index.php?rest_route=\/wp\/v2\/posts\/2078\/revisions\/2124"}],"wp:attachment":[{"href":"http:\/\/ekoauto.org\/index.php?rest_route=%2Fwp%2Fv2%2Fmedia&parent=2078"}],"wp:term":[{"taxonomy":"category","embeddable":true,"href":"http:\/\/ekoauto.org\/index.php?rest_route=%2Fwp%2Fv2%2Fcategories&post=2078"},{"taxonomy":"post_tag","embeddable":true,"href":"http:\/\/ekoauto.org\/index.php?rest_route=%2Fwp%2Fv2%2Ftags&post=2078"}],"curies":[{"name":"wp","href":"https:\/\/api.w.org\/{rel}","templated":true}]}}