{"id":1816,"date":"2016-07-06T11:34:59","date_gmt":"2016-07-06T09:34:59","guid":{"rendered":"http:\/\/ekoauto.org\/?p=1816"},"modified":"2016-07-08T08:35:20","modified_gmt":"2016-07-08T06:35:20","slug":"powolanie-podkomisji-stalej-ds-monitorowania-gospodarki-odpadami","status":"publish","type":"post","link":"http:\/\/ekoauto.org\/?p=1816","title":{"rendered":"Powo\u0142anie Podkomisji sta\u0142ej ds. monitorowania gospodarki odpadami"},"content":{"rendered":"<p style=\"text-align: justify;\">5 lipca br. podczas posiedzenia Komisji\u00a0Ochrony \u015arodowiska, Zasob\u00f3w Naturalnych i Le\u015bnictwa Sejmu RP powo\u0142ano <strong>Podkomisj\u0119 sta\u0142\u0105 ds. monitorowania gospodarki odpadami<\/strong>, w sk\u0142ad kt\u00f3rej wesz\u0142o 11 os\u00f3b.<\/p>\n<p style=\"text-align: justify;\"><a href=\"http:\/\/orka.sejm.gov.pl\/SQL2.nsf\/Skladpkom8?OpenAgent&amp;OSZ01S\" target=\"_blank\">Sk\u0142ad Podkomisji:<\/a><\/p>\n<p style=\"text-align: justify;\">Brynkus J\u00f3zef (Kukiz15)<br \/>\nDziuk Barbara (PiS)<br \/>\nGoli\u0144ska Ma\u0142gorzata (PiS)<br \/>\nGosiewski Jerzy (PiS)<br \/>\nKub\u00f3w Krzysztof (PiS)<br \/>\nLieder Ewa (N)<br \/>\nMaciejewski Krzysztof (PiS)<br \/>\nPas\u0142awska Urszula (PSL)<br \/>\nPiontkowski Dariusz (PiS)<br \/>\nSonik Bogus\u0142aw (PO)<br \/>\nWilczy\u0144ski Ryszard (PO)<\/p>\n","protected":false},"excerpt":{"rendered":"<p>5 lipca br. podczas posiedzenia Komisji\u00a0Ochrony \u015arodowiska, Zasob\u00f3w Naturalnych i Le\u015bnictwa Sejmu RP powo\u0142ano Podkomisj\u0119 sta\u0142\u0105 ds. monitorowania gospodarki odpadami, w sk\u0142ad kt\u00f3rej wesz\u0142o 11 os\u00f3b. Sk\u0142ad Podkomisji: Brynkus J\u00f3zef (Kukiz15) Dziuk Barbara (PiS) Goli\u0144ska Ma\u0142gorzata (PiS) Gosiewski Jerzy (PiS) Kub\u00f3w Krzysztof (PiS) Lieder Ewa (N) Maciejewski Krzysztof (PiS) Pas\u0142awska Urszula (PSL) Piontkowski Dariusz (PiS) &#8230; <a title=\"Powo\u0142anie Podkomisji sta\u0142ej ds. monitorowania gospodarki odpadami\" class=\"read-more\" href=\"http:\/\/ekoauto.org\/?p=1816\" aria-label=\"Read more about Powo\u0142anie Podkomisji sta\u0142ej ds. monitorowania gospodarki odpadami\">Dowiedz si\u0119 wi\u0119cej<\/a><\/p>\n","protected":false},"author":2,"featured_media":0,"comment_status":"open","ping_status":"open","sticky":false,"template":"","format":"standard","meta":{"_monsterinsights_skip_tracking":false,"_monsterinsights_sitenote_active":false,"_monsterinsights_sitenote_note":"","_monsterinsights_sitenote_category":0,"footnotes":""},"categories":[1],"tags":[],"class_list":["post-1816","post","type-post","status-publish","format-standard","hentry","category-bez-kategorii"],"_links":{"self":[{"href":"http:\/\/ekoauto.org\/index.php?rest_route=\/wp\/v2\/posts\/1816","targetHints":{"allow":["GET"]}}],"collection":[{"href":"http:\/\/ekoauto.org\/index.php?rest_route=\/wp\/v2\/posts"}],"about":[{"href":"http:\/\/ekoauto.org\/index.php?rest_route=\/wp\/v2\/types\/post"}],"author":[{"embeddable":true,"href":"http:\/\/ekoauto.org\/index.php?rest_route=\/wp\/v2\/users\/2"}],"replies":[{"embeddable":true,"href":"http:\/\/ekoauto.org\/index.php?rest_route=%2Fwp%2Fv2%2Fcomments&post=1816"}],"version-history":[{"count":11,"href":"http:\/\/ekoauto.org\/index.php?rest_route=\/wp\/v2\/posts\/1816\/revisions"}],"predecessor-version":[{"id":1849,"href":"http:\/\/ekoauto.org\/index.php?rest_route=\/wp\/v2\/posts\/1816\/revisions\/1849"}],"wp:attachment":[{"href":"http:\/\/ekoauto.org\/index.php?rest_route=%2Fwp%2Fv2%2Fmedia&parent=1816"}],"wp:term":[{"taxonomy":"category","embeddable":true,"href":"http:\/\/ekoauto.org\/index.php?rest_route=%2Fwp%2Fv2%2Fcategories&post=1816"},{"taxonomy":"post_tag","embeddable":true,"href":"http:\/\/ekoauto.org\/index.php?rest_route=%2Fwp%2Fv2%2Ftags&post=1816"}],"curies":[{"name":"wp","href":"https:\/\/api.w.org\/{rel}","templated":true}]}}