{"id":1805,"date":"2016-06-29T12:47:20","date_gmt":"2016-06-29T10:47:20","guid":{"rendered":"http:\/\/ekoauto.org\/?p=1805"},"modified":"2016-07-08T08:37:50","modified_gmt":"2016-07-08T06:37:50","slug":"odpowiedz-podsekretarza-stanu-ministerstwa-srodowiska-na-interpelacje-w-sprawie-niekorzystnych-zmian-prawa-dotyczacych-funkcjonowania-stacji-demontazu-pojazdow","status":"publish","type":"post","link":"http:\/\/ekoauto.org\/?p=1805","title":{"rendered":"Odpowied\u017a Podsekretarza Stanu Ministerstwa \u015arodowiska na interpelacj\u0119 w sprawie niekorzystnych zmian prawa dotycz\u0105cych funkcjonowania stacji demonta\u017cu pojazd\u00f3w"},"content":{"rendered":"<p>&nbsp;<\/p>\n<p style=\"text-align: justify;\"><a href=\"http:\/\/ekoauto.org\/wp-content\/uploads\/2016\/06\/m\u015b.png\"><img decoding=\"async\" class=\"alignleft size-full wp-image-1809\" alt=\"m\u015b\" src=\"http:\/\/ekoauto.org\/wp-content\/uploads\/2016\/06\/m\u015b.png\" width=\"250\" height=\"75\" srcset=\"http:\/\/ekoauto.org\/wp-content\/uploads\/2016\/06\/m\u015b.png 250w, http:\/\/ekoauto.org\/wp-content\/uploads\/2016\/06\/m\u015b-200x60.png 200w\" sizes=\"(max-width: 250px) 100vw, 250px\" \/><\/a> Na pocz\u0105tku czerwca informowali\u015bmy Pa\u0144stwa o interpelacji skierowanej do Prezesa Rady Ministr\u00f3w w sprawie niekorzystnych zmian prawa dotycz\u0105cych funkcjonowania stacji demonta\u017cu pojazd\u00f3w.<\/p>\n<p style=\"text-align: justify;\">Ukaza\u0142a si\u0119 odpowied\u017a Podsekretarza Stanu Ministerstwa \u015arodowiska S\u0142awomira Mazurka w sprawie ww. interpelacji. Pe\u0142en tekst dokumentu zosta\u0142 opublikowany na stronie Kancelarii Sejmu.<\/p>\n<p style=\"text-align: justify;\"><strong>W przedmiotowej odpowiedzi na interpelacj\u0119 warto zwr\u00f3ci\u0107 uwag\u0119 na poruszone zagadnienie finansowania koszt\u00f3w zagospodarowania odpad\u00f3w zgodne z art 11a ust. 2 ustawy o recyklingu pojazd\u00f3w wycofanych<br \/>\nz eksploatacji. Minister Mazurek jednoznacznie wskaza\u0142 konieczno\u015b\u0107 ponoszenia koszt\u00f3w i zapewnienie finansowania stacji demonta\u017cu pojazd\u00f3w, aby m\u00f3c osi\u0105gn\u0105\u0107 wymagane poziomy odzysku i recyklingu.<\/strong><\/p>\n<p style=\"text-align: justify;\"><a href=\"http:\/\/ekoauto.org\/wp-content\/uploads\/2016\/06\/odpowied\u017a-Podsekretarza-Stanu.pdf\">odpowied\u017a Podsekretarza Stanu<\/a><\/p>\n<p style=\"text-align: justify;\">\n","protected":false},"excerpt":{"rendered":"<p>&nbsp; Na pocz\u0105tku czerwca informowali\u015bmy Pa\u0144stwa o interpelacji skierowanej do Prezesa Rady Ministr\u00f3w w sprawie niekorzystnych zmian prawa dotycz\u0105cych funkcjonowania stacji demonta\u017cu pojazd\u00f3w. Ukaza\u0142a si\u0119 odpowied\u017a Podsekretarza Stanu Ministerstwa \u015arodowiska S\u0142awomira Mazurka w sprawie ww. interpelacji. Pe\u0142en tekst dokumentu zosta\u0142 opublikowany na stronie Kancelarii Sejmu. W przedmiotowej odpowiedzi na interpelacj\u0119 warto zwr\u00f3ci\u0107 uwag\u0119 na poruszone &#8230; <a title=\"Odpowied\u017a Podsekretarza Stanu Ministerstwa \u015arodowiska na interpelacj\u0119 w sprawie niekorzystnych zmian prawa dotycz\u0105cych funkcjonowania stacji demonta\u017cu pojazd\u00f3w\" class=\"read-more\" href=\"http:\/\/ekoauto.org\/?p=1805\" aria-label=\"Read more about Odpowied\u017a Podsekretarza Stanu Ministerstwa \u015arodowiska na interpelacj\u0119 w sprawie niekorzystnych zmian prawa dotycz\u0105cych funkcjonowania stacji demonta\u017cu pojazd\u00f3w\">Dowiedz si\u0119 wi\u0119cej<\/a><\/p>\n","protected":false},"author":2,"featured_media":0,"comment_status":"open","ping_status":"open","sticky":false,"template":"","format":"standard","meta":{"_monsterinsights_skip_tracking":false,"_monsterinsights_sitenote_active":false,"_monsterinsights_sitenote_note":"","_monsterinsights_sitenote_category":0,"footnotes":""},"categories":[1],"tags":[],"class_list":["post-1805","post","type-post","status-publish","format-standard","hentry","category-bez-kategorii"],"_links":{"self":[{"href":"http:\/\/ekoauto.org\/index.php?rest_route=\/wp\/v2\/posts\/1805","targetHints":{"allow":["GET"]}}],"collection":[{"href":"http:\/\/ekoauto.org\/index.php?rest_route=\/wp\/v2\/posts"}],"about":[{"href":"http:\/\/ekoauto.org\/index.php?rest_route=\/wp\/v2\/types\/post"}],"author":[{"embeddable":true,"href":"http:\/\/ekoauto.org\/index.php?rest_route=\/wp\/v2\/users\/2"}],"replies":[{"embeddable":true,"href":"http:\/\/ekoauto.org\/index.php?rest_route=%2Fwp%2Fv2%2Fcomments&post=1805"}],"version-history":[{"count":9,"href":"http:\/\/ekoauto.org\/index.php?rest_route=\/wp\/v2\/posts\/1805\/revisions"}],"predecessor-version":[{"id":1853,"href":"http:\/\/ekoauto.org\/index.php?rest_route=\/wp\/v2\/posts\/1805\/revisions\/1853"}],"wp:attachment":[{"href":"http:\/\/ekoauto.org\/index.php?rest_route=%2Fwp%2Fv2%2Fmedia&parent=1805"}],"wp:term":[{"taxonomy":"category","embeddable":true,"href":"http:\/\/ekoauto.org\/index.php?rest_route=%2Fwp%2Fv2%2Fcategories&post=1805"},{"taxonomy":"post_tag","embeddable":true,"href":"http:\/\/ekoauto.org\/index.php?rest_route=%2Fwp%2Fv2%2Ftags&post=1805"}],"curies":[{"name":"wp","href":"https:\/\/api.w.org\/{rel}","templated":true}]}}