{"id":1787,"date":"2016-06-24T12:31:12","date_gmt":"2016-06-24T10:31:12","guid":{"rendered":"http:\/\/ekoauto.org\/?p=1787"},"modified":"2016-07-08T08:40:30","modified_gmt":"2016-07-08T06:40:30","slug":"iii-konferencja-motoryzacja-przemysl-nauka","status":"publish","type":"post","link":"http:\/\/ekoauto.org\/?p=1787","title":{"rendered":"III Konferencja &#8222;Motoryzacja-Przemys\u0142-Nauka&#8221;"},"content":{"rendered":"<p><a href=\"http:\/\/ekoauto.org\/wp-content\/uploads\/2016\/06\/konferencjamr2016.png\"><img decoding=\"async\" class=\"alignleft size-full wp-image-1788\" alt=\"konferencjamr2016\" src=\"http:\/\/ekoauto.org\/wp-content\/uploads\/2016\/06\/konferencjamr2016.png\" width=\"198\" height=\"132\" \/><\/a><\/p>\n<p>23 czerwca odby\u0142a si\u0119 w Warszawie\u00a0 zorganizowana przez Ministerstwo Rozwoju III Konferencja &#8222;Motoryzacja-Przemys\u0142-Nauka&#8221;. W programie Konferencji uj\u0119to szereg interesuj\u0105cych i wa\u017cnych temat\u00f3w dla przemys\u0142u motoryzacyjnego.<\/p>\n<p>Prezes Polskiego Stowarzyszenia Stacji Demonta\u017cu Pojazd\u00f3w EKO-AUTO Pan Jakub Smakulski reprezentowa\u0142 jako przedstawiciel bran\u017c\u0119 demonta\u017cu pojazd\u00f3w w Polsce.<\/p>\n<p>Stowarzyszenie EKO-AUTO po raz kolejny mia\u0142o okazj\u0119 skonfrontowa\u0107 swoj\u0105 wiedz\u0119 i do\u015bwiadczenia z przedstawicielami Ministerstwa, pracownikami instytut\u00f3w oraz uczelni, a tak\u017ce z innymi podmiotami zwi\u0105zanymi z bran\u017c\u0105 motoryzacyjn\u0105.<br \/>\nTakie spotkania s\u0142u\u017c\u0105 budowaniu pozytywnego wizerunku bran\u017cy demonta\u017cu w \u015bwiecie nauki i gospodarki.<\/p>\n<p><a href=\"http:\/\/www.mr.gov.pl\/strony\/aktualnosci\/motoryzacja-w-planie-na-rzecz-odpowiedzialnego-rozwoju\/\">http:\/\/www.mr.gov.pl\/strony\/aktualnosci\/motoryzacja-w-planie-na-rzecz-odpowiedzialnego-rozwoju\/<\/a><\/p>\n","protected":false},"excerpt":{"rendered":"<p>23 czerwca odby\u0142a si\u0119 w Warszawie\u00a0 zorganizowana przez Ministerstwo Rozwoju III Konferencja &#8222;Motoryzacja-Przemys\u0142-Nauka&#8221;. W programie Konferencji uj\u0119to szereg interesuj\u0105cych i wa\u017cnych temat\u00f3w dla przemys\u0142u motoryzacyjnego. Prezes Polskiego Stowarzyszenia Stacji Demonta\u017cu Pojazd\u00f3w EKO-AUTO Pan Jakub Smakulski reprezentowa\u0142 jako przedstawiciel bran\u017c\u0119 demonta\u017cu pojazd\u00f3w w Polsce. Stowarzyszenie EKO-AUTO po raz kolejny mia\u0142o okazj\u0119 skonfrontowa\u0107 swoj\u0105 wiedz\u0119 i do\u015bwiadczenia &#8230; <a title=\"III Konferencja &#8222;Motoryzacja-Przemys\u0142-Nauka&#8221;\" class=\"read-more\" href=\"http:\/\/ekoauto.org\/?p=1787\" aria-label=\"Read more about III Konferencja &#8222;Motoryzacja-Przemys\u0142-Nauka&#8221;\">Dowiedz si\u0119 wi\u0119cej<\/a><\/p>\n","protected":false},"author":2,"featured_media":0,"comment_status":"open","ping_status":"open","sticky":false,"template":"","format":"standard","meta":{"_monsterinsights_skip_tracking":false,"_monsterinsights_sitenote_active":false,"_monsterinsights_sitenote_note":"","_monsterinsights_sitenote_category":0,"footnotes":""},"categories":[1],"tags":[],"class_list":["post-1787","post","type-post","status-publish","format-standard","hentry","category-bez-kategorii"],"_links":{"self":[{"href":"http:\/\/ekoauto.org\/index.php?rest_route=\/wp\/v2\/posts\/1787","targetHints":{"allow":["GET"]}}],"collection":[{"href":"http:\/\/ekoauto.org\/index.php?rest_route=\/wp\/v2\/posts"}],"about":[{"href":"http:\/\/ekoauto.org\/index.php?rest_route=\/wp\/v2\/types\/post"}],"author":[{"embeddable":true,"href":"http:\/\/ekoauto.org\/index.php?rest_route=\/wp\/v2\/users\/2"}],"replies":[{"embeddable":true,"href":"http:\/\/ekoauto.org\/index.php?rest_route=%2Fwp%2Fv2%2Fcomments&post=1787"}],"version-history":[{"count":9,"href":"http:\/\/ekoauto.org\/index.php?rest_route=\/wp\/v2\/posts\/1787\/revisions"}],"predecessor-version":[{"id":1855,"href":"http:\/\/ekoauto.org\/index.php?rest_route=\/wp\/v2\/posts\/1787\/revisions\/1855"}],"wp:attachment":[{"href":"http:\/\/ekoauto.org\/index.php?rest_route=%2Fwp%2Fv2%2Fmedia&parent=1787"}],"wp:term":[{"taxonomy":"category","embeddable":true,"href":"http:\/\/ekoauto.org\/index.php?rest_route=%2Fwp%2Fv2%2Fcategories&post=1787"},{"taxonomy":"post_tag","embeddable":true,"href":"http:\/\/ekoauto.org\/index.php?rest_route=%2Fwp%2Fv2%2Ftags&post=1787"}],"curies":[{"name":"wp","href":"https:\/\/api.w.org\/{rel}","templated":true}]}}