{"id":1775,"date":"2016-06-23T11:58:09","date_gmt":"2016-06-23T09:58:09","guid":{"rendered":"http:\/\/ekoauto.org\/?p=1775"},"modified":"2016-06-23T12:00:57","modified_gmt":"2016-06-23T10:00:57","slug":"prace-komisji-senackich-nad-ustawa-o-obnizeniu-stawki-akcyzy-na-samochody","status":"publish","type":"post","link":"http:\/\/ekoauto.org\/?p=1775","title":{"rendered":"Prace Komisji Senackich nad ustaw\u0105 o obni\u017ceniu stawki akcyzy na samochody"},"content":{"rendered":"<p style=\"text-align: justify;\">\n<p style=\"text-align: justify;\">22 czerwca odby\u0142o si\u0119 wsp\u00f3lne posiedzenie Komisji Infrastruktury, Komisji Bud\u017cetu i Finans\u00f3w Publicznych oraz Komisji<a href=\"http:\/\/ekoauto.org\/wp-content\/uploads\/2016\/06\/senat.png\"><img decoding=\"async\" class=\" wp-image-1778 alignright\" alt=\"senat\" src=\"http:\/\/ekoauto.org\/wp-content\/uploads\/2016\/06\/senat-100x100.png\" width=\"142\" height=\"142\" \/><\/a> Ustawodawczej, podczas kt\u00f3rego kontynuowano pierwsze czytanie projektu ustawy o zmianie ustawy o podatku akcyzowym.<\/p>\n<p style=\"text-align: justify;\">Ten g\u0142o\u015bny od kilku miesi\u0119cy w bran\u017cy motoryzacyjnej projekt zak\u0142ada\u0142 obni\u017ck\u0119 stawki akcyzy, kt\u00f3r\u0105 opodatkowane s\u0105 samochody osobowe o pojemno\u015bci silnika powy\u017cej 2.000 cm3 z 18,6 proc. do 4,6 proc. podstawy opodatkowania.<\/p>\n<p style=\"text-align: justify;\">Aktualnie obowi\u0105zuj\u0105 dwie stawki: 3,1 proc. warto\u015bci pojazdu dla samochod\u00f3w o pojemno\u015bci silnik\u00f3w do 2 l i 18,6 proc. dla pojazd\u00f3w o pojemno\u015bci silnik\u00f3w powy\u017cej 2 l. Dotyczy ona samochod\u00f3w nowych, u\u017cywanych, a tak\u017ce ci\u0119\u017carowych.<\/p>\n<p style=\"text-align: justify;\">Pod wp\u0142ywem krytyki ze strony resortu finans\u00f3w proponowan\u0105 w projekcie stawk\u0119 zmieniono z 4,6 na 8 proc. Ta propozycja r\u00f3wnie\u017c nie spotka\u0142a si\u0119 z aprobat\u0105, projekt nadal nie jest neutralny dla bud\u017cetu.<\/p>\n<p style=\"text-align: justify;\">Pod dyskusj\u0119 poddaje si\u0119 odmienn\u0105 konstrukcj\u0119 tego podatku (podstaw\u0105 mia\u0142by by\u0107 poziom emisji CO2, przewiduje si\u0119 pewien rycza\u0142t dla pojazd\u00f3w o okre\u015blonym poziomie emisji czy zwolnienia dla os\u00f3b starszych).<\/p>\n<p style=\"text-align: justify;\">Zdaniem pomys\u0142odawc\u00f3w obni\u017cka akcyzy ma nie tylko wp\u0142yn\u0105\u0107 na zwi\u0119kszenie sprzeda\u017cy aut w Polsce i wzrost importu, na czym zyska\u0142by Skarb Pa\u0144stwa, ale przede wszystkim ukr\u00f3ci\u0107 proceder omijania wy\u017cszej stawki akcyzy w przypadku rejestracji samochod\u00f3w ci\u0119\u017carowych.<\/p>\n","protected":false},"excerpt":{"rendered":"<p>22 czerwca odby\u0142o si\u0119 wsp\u00f3lne posiedzenie Komisji Infrastruktury, Komisji Bud\u017cetu i Finans\u00f3w Publicznych oraz Komisji Ustawodawczej, podczas kt\u00f3rego kontynuowano pierwsze czytanie projektu ustawy o zmianie ustawy o podatku akcyzowym. Ten g\u0142o\u015bny od kilku miesi\u0119cy w bran\u017cy motoryzacyjnej projekt zak\u0142ada\u0142 obni\u017ck\u0119 stawki akcyzy, kt\u00f3r\u0105 opodatkowane s\u0105 samochody osobowe o pojemno\u015bci silnika powy\u017cej 2.000 cm3 z 18,6 &#8230; <a title=\"Prace Komisji Senackich nad ustaw\u0105 o obni\u017ceniu stawki akcyzy na samochody\" class=\"read-more\" href=\"http:\/\/ekoauto.org\/?p=1775\" aria-label=\"Read more about Prace Komisji Senackich nad ustaw\u0105 o obni\u017ceniu stawki akcyzy na samochody\">Dowiedz si\u0119 wi\u0119cej<\/a><\/p>\n","protected":false},"author":2,"featured_media":0,"comment_status":"open","ping_status":"open","sticky":false,"template":"","format":"standard","meta":{"_monsterinsights_skip_tracking":false,"_monsterinsights_sitenote_active":false,"_monsterinsights_sitenote_note":"","_monsterinsights_sitenote_category":0,"footnotes":""},"categories":[1],"tags":[],"class_list":["post-1775","post","type-post","status-publish","format-standard","hentry","category-bez-kategorii"],"_links":{"self":[{"href":"http:\/\/ekoauto.org\/index.php?rest_route=\/wp\/v2\/posts\/1775","targetHints":{"allow":["GET"]}}],"collection":[{"href":"http:\/\/ekoauto.org\/index.php?rest_route=\/wp\/v2\/posts"}],"about":[{"href":"http:\/\/ekoauto.org\/index.php?rest_route=\/wp\/v2\/types\/post"}],"author":[{"embeddable":true,"href":"http:\/\/ekoauto.org\/index.php?rest_route=\/wp\/v2\/users\/2"}],"replies":[{"embeddable":true,"href":"http:\/\/ekoauto.org\/index.php?rest_route=%2Fwp%2Fv2%2Fcomments&post=1775"}],"version-history":[{"count":9,"href":"http:\/\/ekoauto.org\/index.php?rest_route=\/wp\/v2\/posts\/1775\/revisions"}],"predecessor-version":[{"id":1784,"href":"http:\/\/ekoauto.org\/index.php?rest_route=\/wp\/v2\/posts\/1775\/revisions\/1784"}],"wp:attachment":[{"href":"http:\/\/ekoauto.org\/index.php?rest_route=%2Fwp%2Fv2%2Fmedia&parent=1775"}],"wp:term":[{"taxonomy":"category","embeddable":true,"href":"http:\/\/ekoauto.org\/index.php?rest_route=%2Fwp%2Fv2%2Fcategories&post=1775"},{"taxonomy":"post_tag","embeddable":true,"href":"http:\/\/ekoauto.org\/index.php?rest_route=%2Fwp%2Fv2%2Ftags&post=1775"}],"curies":[{"name":"wp","href":"https:\/\/api.w.org\/{rel}","templated":true}]}}