{"id":1750,"date":"2016-06-07T11:20:43","date_gmt":"2016-06-07T09:20:43","guid":{"rendered":"http:\/\/ekoauto.org\/?p=1750"},"modified":"2016-06-09T11:30:53","modified_gmt":"2016-06-09T09:30:53","slug":"konferencja-w-kierunku-elektromobilnosci-prezentacja-zalozen-planu-rozwoju-elektromobilnosci-w-polsce","status":"publish","type":"post","link":"http:\/\/ekoauto.org\/?p=1750","title":{"rendered":"Konferencja &#8222;W kierunku elektromobilno\u015bci \u2013 prezentacja za\u0142o\u017ce\u0144 Planu Rozwoju Elektromobilno\u015bci w Polsce&#8221;"},"content":{"rendered":"<p>&nbsp;<\/p>\n<p style=\"text-align: justify;\"><a href=\"http:\/\/ekoauto.org\/wp-content\/uploads\/2016\/06\/elektromobilno\u015b\u0107.jpg\"><img fetchpriority=\"high\" decoding=\"async\" class=\"alignleft size-medium wp-image-1751\" alt=\"elektromobilno\u015b\u0107\" src=\"http:\/\/ekoauto.org\/wp-content\/uploads\/2016\/06\/elektromobilno\u015b\u0107-300x198.jpg\" width=\"300\" height=\"198\" srcset=\"http:\/\/ekoauto.org\/wp-content\/uploads\/2016\/06\/elektromobilno\u015b\u0107-300x198.jpg 300w, http:\/\/ekoauto.org\/wp-content\/uploads\/2016\/06\/elektromobilno\u015b\u0107-200x132.jpg 200w, http:\/\/ekoauto.org\/wp-content\/uploads\/2016\/06\/elektromobilno\u015b\u0107.jpg 940w\" sizes=\"(max-width: 300px) 100vw, 300px\" \/><\/a>Dnia 7 czerwca na Politechnice Warszawskiej odby\u0142a si\u0119 konferencja &#8222;W kierunku elektromobilno\u015bci \u2013 prezentacja za\u0142o\u017ce\u0144 Planu Rozwoju Elektromobilno\u015bci w Polsce&#8221;, w kt\u00f3rej uczestniczyli m.in. minister energii oraz wicepremier i minister rozwoju Mateusz Morawiecki.<\/p>\n<p style=\"text-align: justify;\">Plan rozwoju elektromobilno\u015bci ma by\u0107 ko\u0142em zamachowym polskiej gospodarki i polskiej reindustrializacji &#8211; zapowiedzia\u0142 wicepremier Mateusz Morawiecki.<\/p>\n<p style=\"text-align: justify;\">Podkre\u015bli\u0142 r\u00f3wnie\u017c, \u017ce dzi\u0119ki planowi Polska ma szans\u0119 odpowiedzie\u0107 na jedno z kluczowych wyzwa\u0144, jakim s\u0105 wymogi klimatyczne, dekarbonizacyjne UE.<\/p>\n","protected":false},"excerpt":{"rendered":"<p>&nbsp; Dnia 7 czerwca na Politechnice Warszawskiej odby\u0142a si\u0119 konferencja &#8222;W kierunku elektromobilno\u015bci \u2013 prezentacja za\u0142o\u017ce\u0144 Planu Rozwoju Elektromobilno\u015bci w Polsce&#8221;, w kt\u00f3rej uczestniczyli m.in. minister energii oraz wicepremier i minister rozwoju Mateusz Morawiecki. Plan rozwoju elektromobilno\u015bci ma by\u0107 ko\u0142em zamachowym polskiej gospodarki i polskiej reindustrializacji &#8211; zapowiedzia\u0142 wicepremier Mateusz Morawiecki. Podkre\u015bli\u0142 r\u00f3wnie\u017c, \u017ce dzi\u0119ki &#8230; <a title=\"Konferencja &#8222;W kierunku elektromobilno\u015bci \u2013 prezentacja za\u0142o\u017ce\u0144 Planu Rozwoju Elektromobilno\u015bci w Polsce&#8221;\" class=\"read-more\" href=\"http:\/\/ekoauto.org\/?p=1750\" aria-label=\"Read more about Konferencja &#8222;W kierunku elektromobilno\u015bci \u2013 prezentacja za\u0142o\u017ce\u0144 Planu Rozwoju Elektromobilno\u015bci w Polsce&#8221;\">Dowiedz si\u0119 wi\u0119cej<\/a><\/p>\n","protected":false},"author":2,"featured_media":0,"comment_status":"open","ping_status":"open","sticky":false,"template":"","format":"standard","meta":{"_monsterinsights_skip_tracking":false,"_monsterinsights_sitenote_active":false,"_monsterinsights_sitenote_note":"","_monsterinsights_sitenote_category":0,"footnotes":""},"categories":[1],"tags":[],"class_list":["post-1750","post","type-post","status-publish","format-standard","hentry","category-bez-kategorii"],"_links":{"self":[{"href":"http:\/\/ekoauto.org\/index.php?rest_route=\/wp\/v2\/posts\/1750","targetHints":{"allow":["GET"]}}],"collection":[{"href":"http:\/\/ekoauto.org\/index.php?rest_route=\/wp\/v2\/posts"}],"about":[{"href":"http:\/\/ekoauto.org\/index.php?rest_route=\/wp\/v2\/types\/post"}],"author":[{"embeddable":true,"href":"http:\/\/ekoauto.org\/index.php?rest_route=\/wp\/v2\/users\/2"}],"replies":[{"embeddable":true,"href":"http:\/\/ekoauto.org\/index.php?rest_route=%2Fwp%2Fv2%2Fcomments&post=1750"}],"version-history":[{"count":4,"href":"http:\/\/ekoauto.org\/index.php?rest_route=\/wp\/v2\/posts\/1750\/revisions"}],"predecessor-version":[{"id":1755,"href":"http:\/\/ekoauto.org\/index.php?rest_route=\/wp\/v2\/posts\/1750\/revisions\/1755"}],"wp:attachment":[{"href":"http:\/\/ekoauto.org\/index.php?rest_route=%2Fwp%2Fv2%2Fmedia&parent=1750"}],"wp:term":[{"taxonomy":"category","embeddable":true,"href":"http:\/\/ekoauto.org\/index.php?rest_route=%2Fwp%2Fv2%2Fcategories&post=1750"},{"taxonomy":"post_tag","embeddable":true,"href":"http:\/\/ekoauto.org\/index.php?rest_route=%2Fwp%2Fv2%2Ftags&post=1750"}],"curies":[{"name":"wp","href":"https:\/\/api.w.org\/{rel}","templated":true}]}}