{"id":1743,"date":"2016-06-06T08:56:23","date_gmt":"2016-06-06T06:56:23","guid":{"rendered":"http:\/\/ekoauto.org\/?p=1743"},"modified":"2016-06-09T11:34:53","modified_gmt":"2016-06-09T09:34:53","slug":"kryzys-w-branzy-artykul-w-czasopismie-branzowym","status":"publish","type":"post","link":"http:\/\/ekoauto.org\/?p=1743","title":{"rendered":"Kryzys w bran\u017cy &#8211; artyku\u0142 w czasopi\u015bmie bran\u017cowym"},"content":{"rendered":"<p style=\"text-align: justify;\">\n<p style=\"text-align: justify;\"><em><strong>Kryzys w bran\u017cy<\/strong><\/em><\/p>\n<p style=\"text-align: justify;\">O k\u0142opotach stacji demonta\u017cu pojazd\u00f3w s\u0142\u00f3w kilka\u2026<\/p>\n<p style=\"text-align: justify;\">Zach\u0119camy do lektury artyku\u0142u autorstwa Prezesa Stowarzyszenia Eko-Auto Pana\u00a0 Jakuba Smakulskiego w nowym wydaniu czasopisma Recykling (2\/2016).<\/p>\n<p style=\"text-align: justify;\">Jako stowarzyszenie wspieraj\u0105ce bran\u017c\u0119, konsekwentnie podkre\u015blamy potrzeb\u0119 wsparcia i pomocy dla SDP ze strony instytucji rz\u0105dowych.<\/p>\n<div>\n<p><a href=\"http:\/\/ekoauto.org\/wp-content\/uploads\/2016\/06\/art-2.png\"><img fetchpriority=\"high\" decoding=\"async\" class=\"alignleft size-medium wp-image-1744\" alt=\"art 2\" src=\"http:\/\/ekoauto.org\/wp-content\/uploads\/2016\/06\/art-2-272x300.png\" width=\"272\" height=\"300\" srcset=\"http:\/\/ekoauto.org\/wp-content\/uploads\/2016\/06\/art-2-272x300.png 272w, http:\/\/ekoauto.org\/wp-content\/uploads\/2016\/06\/art-2-181x200.png 181w, http:\/\/ekoauto.org\/wp-content\/uploads\/2016\/06\/art-2.png 577w\" sizes=\"(max-width: 272px) 100vw, 272px\" \/><\/a><\/p>\n<p>&nbsp;<\/p>\n<p>&nbsp;<\/p>\n<p>&nbsp;<\/p>\n<p>&nbsp;<\/p>\n<p>&nbsp;<\/p>\n<p>&nbsp;<\/p>\n<p>&nbsp;<\/p>\n<p>&nbsp;<\/p>\n<p>&nbsp;<\/p>\n<p>&nbsp;<\/p>\n<\/div>\n","protected":false},"excerpt":{"rendered":"<p>Kryzys w bran\u017cy O k\u0142opotach stacji demonta\u017cu pojazd\u00f3w s\u0142\u00f3w kilka\u2026 Zach\u0119camy do lektury artyku\u0142u autorstwa Prezesa Stowarzyszenia Eko-Auto Pana\u00a0 Jakuba Smakulskiego w nowym wydaniu czasopisma Recykling (2\/2016). Jako stowarzyszenie wspieraj\u0105ce bran\u017c\u0119, konsekwentnie podkre\u015blamy potrzeb\u0119 wsparcia i pomocy dla SDP ze strony instytucji rz\u0105dowych. &nbsp; &nbsp; &nbsp; &nbsp; &nbsp; &nbsp; &nbsp; &nbsp; &nbsp; &nbsp;<\/p>\n","protected":false},"author":2,"featured_media":0,"comment_status":"open","ping_status":"open","sticky":false,"template":"","format":"standard","meta":{"_monsterinsights_skip_tracking":false,"_monsterinsights_sitenote_active":false,"_monsterinsights_sitenote_note":"","_monsterinsights_sitenote_category":0,"footnotes":""},"categories":[1],"tags":[],"class_list":["post-1743","post","type-post","status-publish","format-standard","hentry","category-bez-kategorii"],"_links":{"self":[{"href":"http:\/\/ekoauto.org\/index.php?rest_route=\/wp\/v2\/posts\/1743","targetHints":{"allow":["GET"]}}],"collection":[{"href":"http:\/\/ekoauto.org\/index.php?rest_route=\/wp\/v2\/posts"}],"about":[{"href":"http:\/\/ekoauto.org\/index.php?rest_route=\/wp\/v2\/types\/post"}],"author":[{"embeddable":true,"href":"http:\/\/ekoauto.org\/index.php?rest_route=\/wp\/v2\/users\/2"}],"replies":[{"embeddable":true,"href":"http:\/\/ekoauto.org\/index.php?rest_route=%2Fwp%2Fv2%2Fcomments&post=1743"}],"version-history":[{"count":8,"href":"http:\/\/ekoauto.org\/index.php?rest_route=\/wp\/v2\/posts\/1743\/revisions"}],"predecessor-version":[{"id":1763,"href":"http:\/\/ekoauto.org\/index.php?rest_route=\/wp\/v2\/posts\/1743\/revisions\/1763"}],"wp:attachment":[{"href":"http:\/\/ekoauto.org\/index.php?rest_route=%2Fwp%2Fv2%2Fmedia&parent=1743"}],"wp:term":[{"taxonomy":"category","embeddable":true,"href":"http:\/\/ekoauto.org\/index.php?rest_route=%2Fwp%2Fv2%2Fcategories&post=1743"},{"taxonomy":"post_tag","embeddable":true,"href":"http:\/\/ekoauto.org\/index.php?rest_route=%2Fwp%2Fv2%2Ftags&post=1743"}],"curies":[{"name":"wp","href":"https:\/\/api.w.org\/{rel}","templated":true}]}}