{"id":1687,"date":"2016-05-12T15:49:37","date_gmt":"2016-05-12T13:49:37","guid":{"rendered":"http:\/\/ekoauto.org\/?p=1687"},"modified":"2016-05-13T09:48:35","modified_gmt":"2016-05-13T07:48:35","slug":"miedzynarodowa-konferencja-ministerstwa-srodowiska-gospodarka-o-obiegu-zamknietym-szansa-na-zrownowazony-rozwoj-terenow-niezurbanizowanych","status":"publish","type":"post","link":"http:\/\/ekoauto.org\/?p=1687","title":{"rendered":"Mi\u0119dzynarodowa Konferencja Ministerstwa \u015arodowiska \u201eGospodarka o obiegu zamkni\u0119tym szans\u0105 na zr\u00f3wnowa\u017cony rozw\u00f3j teren\u00f3w niezurbanizowanych\u201d"},"content":{"rendered":"<p><a href=\"http:\/\/ekoauto.org\/wp-content\/uploads\/2016\/04\/12919721_10153746899822732_516883704902567689_n.png\"><img decoding=\"async\" class=\"alignleft size-full wp-image-1691\" alt=\"12919721_10153746899822732_516883704902567689_n\" src=\"http:\/\/ekoauto.org\/wp-content\/uploads\/2016\/04\/12919721_10153746899822732_516883704902567689_n.png\" width=\"160\" height=\"160\" srcset=\"http:\/\/ekoauto.org\/wp-content\/uploads\/2016\/04\/12919721_10153746899822732_516883704902567689_n.png 160w, http:\/\/ekoauto.org\/wp-content\/uploads\/2016\/04\/12919721_10153746899822732_516883704902567689_n-100x100.png 100w\" sizes=\"(max-width: 160px) 100vw, 160px\" \/><\/a><\/p>\n<p style=\"text-align: justify;\">W dniach 9-10 maja br. w Tucznie odby\u0142a si\u0119 mi\u0119dzynarodowa konferencja pod honorowym patronatem Prezydenta Andrzeja Dudy, kt\u00f3rej celem by\u0142a wymiana pogl\u0105d\u00f3w oraz zaprezentowanie dobrych praktyk w zakresie transformacji w kierunku gospodarki o obiegu zamkni\u0119tym.<\/p>\n<p style=\"text-align: justify;\">Organizatorami konferencji byli reprezentuj\u0105cy Ministerstwo \u015arodowiska, prof. Jan Szyszko oraz Sekretarz Stanu Ministerstwa Rozwoju Jerzy Kwieci\u0144ski , przy wsp\u00f3\u0142pracy\u00a0 Stowarzyszenia na Rzecz Zr\u00f3wnowa\u017conego Rozwoju Polski, Wy\u017cszej Szko\u0142y Kultury Spo\u0142ecznej i Medialnej w Toruniu oraz Polskich Las\u00f3w Pa\u0144stwowych.<\/p>\n<p style=\"text-align: justify;\">W trakcie konferencji wizje i osi\u0105gni\u0119cia w obszarze gospodarki o obiegu zamkni\u0119tym prezentowali zagraniczni go\u015bcie. Do\u015bwiadczenia w zakresie mo\u017cliwo\u015bci ponownego u\u017cycia, odzysku i naprawy produkt\u00f3w przedstawi\u0142y tak\u017ce polskie samorz\u0105dy \u2013 m.in. gminy Soko\u0142y, Tuczno i Wielu\u0144.<\/p>\n<p style=\"text-align: justify;\">W konferencji uczestniczyli m.in. przedstawiciele Ministerstwa \u015arodowiska Austrii,\u00a0 Niemiec oraz w\u0142adz rz\u0105dowych Holandii. Jako przedstawiciel bran\u017cy Stacji Demonta\u017cu Pojazd\u00f3w g\u0142os w dyskusji zabra\u0142 Prezes Jakub Smakulski. Znacz\u0105co podkre\u015bla\u0142 znaczenie <i>circular economy<\/i> dla ma\u0142ych i \u015brednich przedsi\u0119biorstw w bran\u017cy recyklingu w Polsce. Prof. Jan Szyszko w swojej wypowiedzi wielokrotnie zaznacza\u0142, \u017ce gospodarka obiegu zamkni\u0119tego jest szczeg\u00f3lnie wa\u017cna dla firm na terenach niezurbanizowanych.<\/p>\n<p style=\"text-align: justify;\">Gospodarka o obiegu zamkni\u0119tym to zupe\u0142nie nowe podej\u015bcie opieraj\u0105ce si\u0119 na odej\u015bciu od modelu linearnego we\u017a \u2013 zu\u017cyj \u2013 wyrzu\u0107, a przej\u015bciu na model cyrkularny. Sektor prywatny ju\u017c zaczyna opiera\u0107 swoje plany rozwoju na koncepcji gospodarki o obiegu zamkni\u0119tym, upatruj\u0105c w tym szans\u0119 na zwi\u0119kszenie swojej konkurencyjno\u015bci i zmniejszenie koszt\u00f3w. Aby mo\u017cna by\u0142o wdro\u017cy\u0107 szerzej ten model, konieczne jest jednak wsparcie administracji publicznej. Podstaw\u0105 dzia\u0142a\u0144 powinny by\u0107: wymiana dobrych praktyk, inwestycje w sektor innowacji, wsp\u00f3\u0142praca mi\u0119dzy biznesem oraz nale\u017cyte zbieranie danych.<\/p>\n<p style=\"text-align: justify;\">Na forum Unii Europejskiej trwa dyskusja na temat nowego prawa dot. gospodarki w obiegu zamkni\u0119tym. Idea ta zmierza do &#8222;zamkni\u0119cia obiegu&#8221; produkt\u00f3w dzi\u0119ki zwi\u0119kszeniu recyklingu, co ma przynie\u015b\u0107 korzy\u015bci \u015brodowisku i gospodarce. Przedstawiona przez KE propozycja zak\u0142ada m.in. by do 2030 r. 65 proc. odpad\u00f3w komunalnych podlega\u0142o recyklingowi.<\/p>\n<p style=\"text-align: justify;\">Tego rodzaju spotkania maj\u0105 fundamentalny wp\u0142yw na kszta\u0142towanie przez nas gospodarki w spos\u00f3b, kt\u00f3ry przyczyni si\u0119 do wyszukiwania innowacyjnych rozwi\u0105za\u0144 i tworzenia wsp\u00f3lnej, europejskiej inicjatywy dla poprawy \u015brodowiska i zwi\u0119kszenia efektywno\u015bci gospodarowania odpadami.<\/p>\n","protected":false},"excerpt":{"rendered":"<p>W dniach 9-10 maja br. w Tucznie odby\u0142a si\u0119 mi\u0119dzynarodowa konferencja pod honorowym patronatem Prezydenta Andrzeja Dudy, kt\u00f3rej celem by\u0142a wymiana pogl\u0105d\u00f3w oraz zaprezentowanie dobrych praktyk w zakresie transformacji w kierunku gospodarki o obiegu zamkni\u0119tym. Organizatorami konferencji byli reprezentuj\u0105cy Ministerstwo \u015arodowiska, prof. Jan Szyszko oraz Sekretarz Stanu Ministerstwa Rozwoju Jerzy Kwieci\u0144ski , przy wsp\u00f3\u0142pracy\u00a0 Stowarzyszenia &#8230; <a title=\"Mi\u0119dzynarodowa Konferencja Ministerstwa \u015arodowiska \u201eGospodarka o obiegu zamkni\u0119tym szans\u0105 na zr\u00f3wnowa\u017cony rozw\u00f3j teren\u00f3w niezurbanizowanych\u201d\" class=\"read-more\" href=\"http:\/\/ekoauto.org\/?p=1687\" aria-label=\"Read more about Mi\u0119dzynarodowa Konferencja Ministerstwa \u015arodowiska \u201eGospodarka o obiegu zamkni\u0119tym szans\u0105 na zr\u00f3wnowa\u017cony rozw\u00f3j teren\u00f3w niezurbanizowanych\u201d\">Dowiedz si\u0119 wi\u0119cej<\/a><\/p>\n","protected":false},"author":2,"featured_media":0,"comment_status":"open","ping_status":"open","sticky":false,"template":"","format":"standard","meta":{"_monsterinsights_skip_tracking":false,"_monsterinsights_sitenote_active":false,"_monsterinsights_sitenote_note":"","_monsterinsights_sitenote_category":0,"footnotes":""},"categories":[1],"tags":[],"class_list":["post-1687","post","type-post","status-publish","format-standard","hentry","category-bez-kategorii"],"_links":{"self":[{"href":"http:\/\/ekoauto.org\/index.php?rest_route=\/wp\/v2\/posts\/1687","targetHints":{"allow":["GET"]}}],"collection":[{"href":"http:\/\/ekoauto.org\/index.php?rest_route=\/wp\/v2\/posts"}],"about":[{"href":"http:\/\/ekoauto.org\/index.php?rest_route=\/wp\/v2\/types\/post"}],"author":[{"embeddable":true,"href":"http:\/\/ekoauto.org\/index.php?rest_route=\/wp\/v2\/users\/2"}],"replies":[{"embeddable":true,"href":"http:\/\/ekoauto.org\/index.php?rest_route=%2Fwp%2Fv2%2Fcomments&post=1687"}],"version-history":[{"count":17,"href":"http:\/\/ekoauto.org\/index.php?rest_route=\/wp\/v2\/posts\/1687\/revisions"}],"predecessor-version":[{"id":1708,"href":"http:\/\/ekoauto.org\/index.php?rest_route=\/wp\/v2\/posts\/1687\/revisions\/1708"}],"wp:attachment":[{"href":"http:\/\/ekoauto.org\/index.php?rest_route=%2Fwp%2Fv2%2Fmedia&parent=1687"}],"wp:term":[{"taxonomy":"category","embeddable":true,"href":"http:\/\/ekoauto.org\/index.php?rest_route=%2Fwp%2Fv2%2Fcategories&post=1687"},{"taxonomy":"post_tag","embeddable":true,"href":"http:\/\/ekoauto.org\/index.php?rest_route=%2Fwp%2Fv2%2Ftags&post=1687"}],"curies":[{"name":"wp","href":"https:\/\/api.w.org\/{rel}","templated":true}]}}