{"id":1683,"date":"2016-04-20T22:45:56","date_gmt":"2016-04-20T20:45:56","guid":{"rendered":"http:\/\/ekoauto.org\/?p=1683"},"modified":"2016-05-05T11:33:24","modified_gmt":"2016-05-05T09:33:24","slug":"odpowiedz-minsisterstwa-srodowiska-na-interpelacje-poselska","status":"publish","type":"post","link":"http:\/\/ekoauto.org\/?p=1683","title":{"rendered":"Odpowied\u017a Ministerstwa \u015arodowiska na interpelacj\u0119 poselsk\u0105"},"content":{"rendered":"<p style=\"text-align: justify;\"><a href=\"http:\/\/ekoauto.org\/wp-content\/uploads\/2015\/07\/folder-303891_1280.png\"><img decoding=\"async\" class=\"alignleft  wp-image-1383\" alt=\"folder-303891_1280\" src=\"http:\/\/ekoauto.org\/wp-content\/uploads\/2015\/07\/folder-303891_1280-300x270.png\" width=\"170\" height=\"153\" srcset=\"http:\/\/ekoauto.org\/wp-content\/uploads\/2015\/07\/folder-303891_1280-300x270.png 300w, http:\/\/ekoauto.org\/wp-content\/uploads\/2015\/07\/folder-303891_1280-1024x923.png 1024w, http:\/\/ekoauto.org\/wp-content\/uploads\/2015\/07\/folder-303891_1280-200x180.png 200w, http:\/\/ekoauto.org\/wp-content\/uploads\/2015\/07\/folder-303891_1280.png 1280w\" sizes=\"(max-width: 170px) 100vw, 170px\" \/><\/a>Przedstawiamy poni\u017cej odpowied\u017a Podsekretarza Stanu w ministerstwie \u015arodowiska &#8211; Pana S\u0142awomira Mazurka na interpelacj\u0119 poselsk\u0105 dotycz\u0105c\u0105 bran\u017cy recyklingu pojazd\u00f3w wycofanych z eksploatacji i planowanych zmian w ustawie o recyklingu pojazd\u00f3w wycofanych z eksploatacji.<\/p>\n<p style=\"text-align: justify;\">Interpelacj\u0119 mo\u017cna pobra\u0107 <a href=\"http:\/\/www.sejm.gov.pl\/sejm8.nsf\/InterpelacjaTresc.xsp?key=1B6106FF\">tutaj<\/a><\/p>\n<p style=\"text-align: justify;\">Odpowied\u017a na interpelacj\u0119 mo\u017cna pobra\u0107 <a href=\"http:\/\/orka2.sejm.gov.pl\/INT8.nsf\/klucz\/323A0944\/%24FILE\/i01886-o1.pdf\">tutaj<\/a><\/p>\n","protected":false},"excerpt":{"rendered":"<p>Przedstawiamy poni\u017cej odpowied\u017a Podsekretarza Stanu w ministerstwie \u015arodowiska &#8211; Pana S\u0142awomira Mazurka na interpelacj\u0119 poselsk\u0105 dotycz\u0105c\u0105 bran\u017cy recyklingu pojazd\u00f3w wycofanych z eksploatacji i planowanych zmian w ustawie o recyklingu pojazd\u00f3w wycofanych z eksploatacji. Interpelacj\u0119 mo\u017cna pobra\u0107 tutaj Odpowied\u017a na interpelacj\u0119 mo\u017cna pobra\u0107 tutaj<\/p>\n","protected":false},"author":2,"featured_media":0,"comment_status":"open","ping_status":"open","sticky":false,"template":"","format":"standard","meta":{"_monsterinsights_skip_tracking":false,"_monsterinsights_sitenote_active":false,"_monsterinsights_sitenote_note":"","_monsterinsights_sitenote_category":0,"footnotes":""},"categories":[1],"tags":[],"class_list":["post-1683","post","type-post","status-publish","format-standard","hentry","category-bez-kategorii"],"_links":{"self":[{"href":"http:\/\/ekoauto.org\/index.php?rest_route=\/wp\/v2\/posts\/1683","targetHints":{"allow":["GET"]}}],"collection":[{"href":"http:\/\/ekoauto.org\/index.php?rest_route=\/wp\/v2\/posts"}],"about":[{"href":"http:\/\/ekoauto.org\/index.php?rest_route=\/wp\/v2\/types\/post"}],"author":[{"embeddable":true,"href":"http:\/\/ekoauto.org\/index.php?rest_route=\/wp\/v2\/users\/2"}],"replies":[{"embeddable":true,"href":"http:\/\/ekoauto.org\/index.php?rest_route=%2Fwp%2Fv2%2Fcomments&post=1683"}],"version-history":[{"count":3,"href":"http:\/\/ekoauto.org\/index.php?rest_route=\/wp\/v2\/posts\/1683\/revisions"}],"predecessor-version":[{"id":1690,"href":"http:\/\/ekoauto.org\/index.php?rest_route=\/wp\/v2\/posts\/1683\/revisions\/1690"}],"wp:attachment":[{"href":"http:\/\/ekoauto.org\/index.php?rest_route=%2Fwp%2Fv2%2Fmedia&parent=1683"}],"wp:term":[{"taxonomy":"category","embeddable":true,"href":"http:\/\/ekoauto.org\/index.php?rest_route=%2Fwp%2Fv2%2Fcategories&post=1683"},{"taxonomy":"post_tag","embeddable":true,"href":"http:\/\/ekoauto.org\/index.php?rest_route=%2Fwp%2Fv2%2Ftags&post=1683"}],"curies":[{"name":"wp","href":"https:\/\/api.w.org\/{rel}","templated":true}]}}