{"id":1673,"date":"2016-04-15T14:40:48","date_gmt":"2016-04-15T12:40:48","guid":{"rendered":"http:\/\/ekoauto.org\/?p=1673"},"modified":"2016-04-15T14:42:09","modified_gmt":"2016-04-15T12:42:09","slug":"konferencja","status":"publish","type":"post","link":"http:\/\/ekoauto.org\/?p=1673","title":{"rendered":"Konferencja &#8211; POLSKI SYSTEM GOSPODAROWANIA ZU\u017bYTYM SPRZ\u0118TEM ELEKTRYCZNYM I ELEKTRONICZNYM &#8211; ROZW\u00d3J CZY UPADEK?"},"content":{"rendered":"<p style=\"text-align: justify;\"><a href=\"http:\/\/ekoauto.org\/wp-content\/uploads\/2015\/05\/members-651819_1280.png\"><img fetchpriority=\"high\" decoding=\"async\" class=\"alignleft  wp-image-1259\" alt=\"members-651819_1280\" src=\"http:\/\/ekoauto.org\/wp-content\/uploads\/2015\/05\/members-651819_1280-266x300.png\" width=\"212\" height=\"240\" srcset=\"http:\/\/ekoauto.org\/wp-content\/uploads\/2015\/05\/members-651819_1280-266x300.png 266w, http:\/\/ekoauto.org\/wp-content\/uploads\/2015\/05\/members-651819_1280-908x1024.png 908w, http:\/\/ekoauto.org\/wp-content\/uploads\/2015\/05\/members-651819_1280-177x200.png 177w, http:\/\/ekoauto.org\/wp-content\/uploads\/2015\/05\/members-651819_1280.png 1136w\" sizes=\"(max-width: 212px) 100vw, 212px\" \/><\/a>W dniu 11 stycznia 2016 roku przedstawiciele Stowarzyszenia EKO-AUTO zostali zaproszeni na organizowan\u0105 przez Klaster Gospodarki Odpadowej i Recyklingu konferencj\u0119 pn. POLSKI SYSTEM GOSPODAROWANIA ZU\u017bYTYM SPRZ\u0118TEM ELEKTRYCZNYM I ELEKTRONICZNYM &#8211; ROZW\u00d3J CZY UPADEK? Honorowy patronat nad konferencj\u0105 obj\u0105\u0142 Wicemarsza\u0142ek Sejmu dr Stanis\u0142aw Tyszka.<\/p>\n<p style=\"text-align: justify;\">Podczas dyskusji Prezes Jakub Smakulski, jako przedstawiciel stacji demonta\u017cu pojazd\u00f3w, przedstawi\u0142 postulaty dotycz\u0105ce poprawy obecnej sytuacji na rynku przy uwzgl\u0119dnieniu obecnych niskich cen surowc\u00f3w. Z bardzo du\u017cym zainteresowaniem spotka\u0142a si\u0119 prezentacja Pani Marty Laskowskiej reprezentuj\u0105cej Centrum Kooperacji Recyklingu not for profit system sp.\u00a0 z o.o. dotycz\u0105ca systemu finansowania zbi\u00f3rki, przetwarzania i koszt\u00f3w zagospodarowania odpad\u00f3w powsta\u0142ych w wyniku odzysku zu\u017cytego sprz\u0119tu elektrycznego i elektronicznego. Na konferencji Pani Jolanta Oko\u0144ska-Kubica zaprezentowa\u0142a r\u00f3wnie\u017c propozycje rozwi\u0105za\u0144 poprawy systemu finansowania bran\u017cy ZSEiE.<\/p>\n","protected":false},"excerpt":{"rendered":"<p>W dniu 11 stycznia 2016 roku przedstawiciele Stowarzyszenia EKO-AUTO zostali zaproszeni na organizowan\u0105 przez Klaster Gospodarki Odpadowej i Recyklingu konferencj\u0119 pn. POLSKI SYSTEM GOSPODAROWANIA ZU\u017bYTYM SPRZ\u0118TEM ELEKTRYCZNYM I ELEKTRONICZNYM &#8211; ROZW\u00d3J CZY UPADEK? Honorowy patronat nad konferencj\u0105 obj\u0105\u0142 Wicemarsza\u0142ek Sejmu dr Stanis\u0142aw Tyszka. Podczas dyskusji Prezes Jakub Smakulski, jako przedstawiciel stacji demonta\u017cu pojazd\u00f3w, przedstawi\u0142 postulaty &#8230; <a title=\"Konferencja &#8211; POLSKI SYSTEM GOSPODAROWANIA ZU\u017bYTYM SPRZ\u0118TEM ELEKTRYCZNYM I ELEKTRONICZNYM &#8211; ROZW\u00d3J CZY UPADEK?\" class=\"read-more\" href=\"http:\/\/ekoauto.org\/?p=1673\" aria-label=\"Read more about Konferencja &#8211; POLSKI SYSTEM GOSPODAROWANIA ZU\u017bYTYM SPRZ\u0118TEM ELEKTRYCZNYM I ELEKTRONICZNYM &#8211; ROZW\u00d3J CZY UPADEK?\">Dowiedz si\u0119 wi\u0119cej<\/a><\/p>\n","protected":false},"author":2,"featured_media":0,"comment_status":"open","ping_status":"open","sticky":false,"template":"","format":"standard","meta":{"_monsterinsights_skip_tracking":false,"_monsterinsights_sitenote_active":false,"_monsterinsights_sitenote_note":"","_monsterinsights_sitenote_category":0,"footnotes":""},"categories":[1],"tags":[],"class_list":["post-1673","post","type-post","status-publish","format-standard","hentry","category-bez-kategorii"],"_links":{"self":[{"href":"http:\/\/ekoauto.org\/index.php?rest_route=\/wp\/v2\/posts\/1673","targetHints":{"allow":["GET"]}}],"collection":[{"href":"http:\/\/ekoauto.org\/index.php?rest_route=\/wp\/v2\/posts"}],"about":[{"href":"http:\/\/ekoauto.org\/index.php?rest_route=\/wp\/v2\/types\/post"}],"author":[{"embeddable":true,"href":"http:\/\/ekoauto.org\/index.php?rest_route=\/wp\/v2\/users\/2"}],"replies":[{"embeddable":true,"href":"http:\/\/ekoauto.org\/index.php?rest_route=%2Fwp%2Fv2%2Fcomments&post=1673"}],"version-history":[{"count":3,"href":"http:\/\/ekoauto.org\/index.php?rest_route=\/wp\/v2\/posts\/1673\/revisions"}],"predecessor-version":[{"id":1676,"href":"http:\/\/ekoauto.org\/index.php?rest_route=\/wp\/v2\/posts\/1673\/revisions\/1676"}],"wp:attachment":[{"href":"http:\/\/ekoauto.org\/index.php?rest_route=%2Fwp%2Fv2%2Fmedia&parent=1673"}],"wp:term":[{"taxonomy":"category","embeddable":true,"href":"http:\/\/ekoauto.org\/index.php?rest_route=%2Fwp%2Fv2%2Fcategories&post=1673"},{"taxonomy":"post_tag","embeddable":true,"href":"http:\/\/ekoauto.org\/index.php?rest_route=%2Fwp%2Fv2%2Ftags&post=1673"}],"curies":[{"name":"wp","href":"https:\/\/api.w.org\/{rel}","templated":true}]}}