{"id":1668,"date":"2016-04-05T13:10:55","date_gmt":"2016-04-05T11:10:55","guid":{"rendered":"http:\/\/ekoauto.org\/?p=1668"},"modified":"2016-04-05T13:10:55","modified_gmt":"2016-04-05T11:10:55","slug":"spotkanie-z-podsekretarzem-stanu-slawomirem-mazurkiem","status":"publish","type":"post","link":"http:\/\/ekoauto.org\/?p=1668","title":{"rendered":"Spotkanie z Podsekretarzem Stanu S\u0142awomirem Mazurkiem"},"content":{"rendered":"<p style=\"text-align: justify;\"><a href=\"http:\/\/ekoauto.org\/wp-content\/uploads\/2015\/11\/gios.jpg\"><img decoding=\"async\" class=\"alignleft size-medium wp-image-1506\" alt=\"gios\" src=\"http:\/\/ekoauto.org\/wp-content\/uploads\/2015\/11\/gios-300x136.jpg\" width=\"300\" height=\"136\" srcset=\"http:\/\/ekoauto.org\/wp-content\/uploads\/2015\/11\/gios-300x136.jpg 300w, http:\/\/ekoauto.org\/wp-content\/uploads\/2015\/11\/gios-200x91.jpg 200w, http:\/\/ekoauto.org\/wp-content\/uploads\/2015\/11\/gios.jpg 600w\" sizes=\"(max-width: 300px) 100vw, 300px\" \/><\/a>W dniu 1 kwietnia 2016 roku w siedzibie G\u0142\u00f3wnego Inspektora Ochrony \u015arodowiska odby\u0142o si\u0119 spotkanie z przedstawicielami bran\u017cy recyklingu pojazd\u00f3w wycofanych z eksploatacji. Organizatorem spotkania by\u0142 Wiceminister \u015arodowiska \u00a0S\u0142awomir Mazurek , Zast\u0119pca G\u0142\u00f3wnego Inspektora Ochrony \u015arodowiska \u2013 Roman Jaworski oraz kadra dyrektorska i kierownicza obu instytucji. \u00a0Spotkanie odby\u0142o si\u0119 m. in. z inicjatywy Prezesa Jakuba Smakulskiego ze Stowarzyszenia EKO-AUTO. Na spotkanie zaproszeni zostali r\u00f3wnie\u017c przedstawiciele bran\u017cy gospodarki odpadami: Recyklerzy Polscy Zwi\u0105zek Pracodawc\u00f3w, Forum Recyklingu Samochod\u00f3w, Krajowa Izba Gospodarki Odpadami.<\/p>\n<p style=\"text-align: justify;\">Minister Mazurek podzi\u0119kowa\u0142 za przybycie go\u015bci i rozpocz\u0105\u0142 obrady. Na samym pocz\u0105tku Prezes Jakub Smakulski przedstawi\u0142 prezentacj\u0119 na temat aktualnej sytuacji bran\u017cy oraz zidentyfikowa\u0142 podstawowe problemy zwi\u0105zane z recyklingiem pojazd\u00f3w w Polsce. Podano dane statystyczne na temat ilo\u015bci demontowanych pojazd\u00f3w w stacjach demonta\u017cu w miesi\u0105cach stycze\u0144 i luty 2014, 2015, 2016. Prezes Smakulski zwr\u00f3ci\u0142 uwag\u0119 na fakt drastycznego spadku ilo\u015bci przyjmowanych pojazd\u00f3w. Poziom ten zbli\u017ca\u0142 si\u0119 do warto\u015bci 70 % w stosunku do lat ubieg\u0142ych. W dalszej cz\u0119\u015bci prezentacji przedstawione zosta\u0142y koszty zagospodarowania odpad\u00f3w, kt\u00f3re ponosz\u0105 stacje demonta\u017cu. Dane zebrane ze stacji demonta\u017cu z ca\u0142ej Polski spotka\u0142y si\u0119 z zainteresowaniem przedstawicieli Ministerstwa \u015arodowiska i G\u0142\u00f3wnego Inspektoratu Ochrony \u015arodowiska. Prezes Smakulski wskaza\u0142 r\u00f3wnie\u017c g\u0142\u00f3wne problemy bran\u017cy: egzekucji obecnego prawa wobec przedstawicieli \u201eszarej strefy\u201d, konieczno\u015bci zmiany prawa, w\u0142\u0105czenia do systemu firm ubezpieczeniowych i wi\u0119kszego zaanga\u017cowania w system pozosta\u0142ych uczestnik\u00f3w wskazanych w Dyrektywie 2000\/53\/WE, wzmocnienie roli Inspekcji Ochrony \u015arodowiska w likwidacji miejsc nielegalnego demonta\u017cu, powszechnej edukacji ekologicznej w zakresie obowi\u0105zk\u00f3w zwi\u0105zanych z demonta\u017cem pojazd\u00f3w oraz systemu zach\u0119t ekonomicznych.<\/p>\n<p style=\"text-align: justify;\">Prezes Ma\u0142yszko uzupe\u0142ni\u0142 przedstawione postulaty m. in. o zagadnienia sieci zbierania pojazd\u00f3w, legalno\u015bci demonta\u017cu pojazd\u00f3w przez osoby fizyczne, konieczno\u015bci uporz\u0105dkowania CEPIK-u. Prezes Ma\u0142yszko zakwestionowa\u0142 prawdziwo\u015b\u0107 zebranych\u00a0 przez Stowarzyszenie EKO-AUTO danych na temat koszt\u00f3w zagospodarowania odpad\u00f3w. Prezes Smakulski podkre\u015bli, \u017ce dane zosta\u0142y zebrane na podstawie ankiet rozes\u0142anych do stacji demonta\u017cu w ca\u0142ej Polsce i poddane analizie statystycznej, co wyklucza ich nieprawdziwo\u015b\u0107. Pozostali cz\u0142onkowie zebrania nie kwestionowali prawdziwo\u015bci przedstawionych danych.<\/p>\n<p style=\"text-align: justify;\">Po wys\u0142uchaniu przedstawicieli bran\u017cy Wiceminister S\u0142awomir Mazurek podkre\u015bli\u0142 ch\u0119\u0107 dialogu i rozmowy na temat najwa\u017cniejszych problem\u00f3w zwi\u0105zanych z pojazdami wycofanymi z eksploatacji. W swoim wyst\u0105pieniu Minister podkre\u015bli\u0142 ch\u0119\u0107 wspierania polskich ma\u0142ych i \u015brednich przedsi\u0119biorstw w zakresie oferowania jak najlepszych us\u0142ug. Pan S\u0142awomir Mazurek wskaza\u0142 r\u00f3wnie\u017c konieczno\u015b\u0107 walki i minimalizowania negatywnych efekt\u00f3w dzia\u0142alno\u015bci \u201eszarej strefy\u201d. Zauwa\u017cona zosta\u0142a r\u00f3wnie\u017c konieczno\u015b\u0107 podj\u0119cia wsp\u00f3\u0142pracy z innymi resortami zwi\u0105zanymi z bran\u017c\u0105 motoryzacyjn\u0105. Zwr\u00f3cono r\u00f3wnie\u017c uwag\u0119 na aspekty edukacji spo\u0142ecze\u0144stwa i systemu zach\u0119t, kt\u00f3re od wielu lat promuje Stowarzyszenie EKO-AUTO. Minister podkre\u015bli\u0142 ch\u0119\u0107 dzia\u0142ania w kierunku upraszczania przepis\u00f3w. W spotkaniu g\u0142os zabra\u0142 r\u00f3wnie\u017c Roman Jaworski, jako osoba nadzoruj\u0105ca prace G\u0142\u00f3wnego Inspektoratu Ochrony \u015arodowiska. Jako g\u0142\u00f3wny problem bran\u017cy wskaza\u0142 drastyczny spadek cen z\u0142omu, kt\u00f3ry czyni dzia\u0142alno\u015b\u0107 stacji demonta\u017cu nieop\u0142acaln\u0105. Pani dyrektor Departamentu Gospodarki Odpadami w Ministerstwie \u015arodowiska &#8211; Magda Gosk &#8211; zwr\u00f3ci\u0142a uwag\u0119 na fakt wprowadzonej niedawno nowelizacji ustawy o recyklingu pojazd\u00f3w wycofanych z eksploatacji i do\u015b\u0107 kr\u00f3tki okres jej obowi\u0105zywania. Pani Izabela Szadura (dyrektor Departamentu Kontroli Rynku) podkre\u015bli\u0142a, \u017ce obecna nowelizacja ustawy jest do\u015b\u0107 istotn\u0105 zmian\u0105 istniej\u0105cego systemu pojazd\u00f3w wycofanych z eksploatacji.<\/p>\n<p style=\"text-align: justify;\">Na samym ko\u0144cu Wiceminister S\u0142awomir Mazurek podsumowa\u0142 spotkanie i wyrazi\u0142 ch\u0119\u0107 do wsp\u00f3\u0142pracy i dalszych rozm\u00f3w. Podkre\u015bli\u0142 konieczno\u015b\u0107 przeanalizowania problem\u00f3w i podj\u0119cia dzia\u0142a\u0144 w sferze korekty przepis\u00f3w, kt\u00f3re utrudniaj\u0105 dzia\u0142alno\u015b\u0107 stacjom demonta\u017cu.<\/p>\n<p style=\"text-align: justify;\">Po zako\u0144czonym spotkaniu Prezes Smakulski przeprowadzi\u0142 jeszcze rozmowy z przedstawicielami G\u0142\u00f3wnego Inspektoratu Ochrony \u015arodowiska na temat przepis\u00f3w zwi\u0105zanych z transgranicznym przemieszczaniem odpad\u00f3w oraz podzi\u0119kowa\u0142 za wsparcie G\u0142\u00f3wnego Inspektora w zakresie honorowego patronatu na organizowanymi konferencjami. Przeprowadzona zosta\u0142a r\u00f3wnie\u017c rozmowa z dyrektor Magd\u0105 Gosk odno\u015bnie potwierdzania mas odbieranych odpad\u00f3w przez firmy zajmuj\u0105ce si\u0119 przetwarzaniem z\u0142omu.<\/p>\n","protected":false},"excerpt":{"rendered":"<p>W dniu 1 kwietnia 2016 roku w siedzibie G\u0142\u00f3wnego Inspektora Ochrony \u015arodowiska odby\u0142o si\u0119 spotkanie z przedstawicielami bran\u017cy recyklingu pojazd\u00f3w wycofanych z eksploatacji. Organizatorem spotkania by\u0142 Wiceminister \u015arodowiska \u00a0S\u0142awomir Mazurek , Zast\u0119pca G\u0142\u00f3wnego Inspektora Ochrony \u015arodowiska \u2013 Roman Jaworski oraz kadra dyrektorska i kierownicza obu instytucji. \u00a0Spotkanie odby\u0142o si\u0119 m. in. z inicjatywy Prezesa Jakuba &#8230; <a title=\"Spotkanie z Podsekretarzem Stanu S\u0142awomirem Mazurkiem\" class=\"read-more\" href=\"http:\/\/ekoauto.org\/?p=1668\" aria-label=\"Read more about Spotkanie z Podsekretarzem Stanu S\u0142awomirem Mazurkiem\">Dowiedz si\u0119 wi\u0119cej<\/a><\/p>\n","protected":false},"author":2,"featured_media":0,"comment_status":"open","ping_status":"open","sticky":false,"template":"","format":"standard","meta":{"_monsterinsights_skip_tracking":false,"_monsterinsights_sitenote_active":false,"_monsterinsights_sitenote_note":"","_monsterinsights_sitenote_category":0,"footnotes":""},"categories":[1],"tags":[],"class_list":["post-1668","post","type-post","status-publish","format-standard","hentry","category-bez-kategorii"],"_links":{"self":[{"href":"http:\/\/ekoauto.org\/index.php?rest_route=\/wp\/v2\/posts\/1668","targetHints":{"allow":["GET"]}}],"collection":[{"href":"http:\/\/ekoauto.org\/index.php?rest_route=\/wp\/v2\/posts"}],"about":[{"href":"http:\/\/ekoauto.org\/index.php?rest_route=\/wp\/v2\/types\/post"}],"author":[{"embeddable":true,"href":"http:\/\/ekoauto.org\/index.php?rest_route=\/wp\/v2\/users\/2"}],"replies":[{"embeddable":true,"href":"http:\/\/ekoauto.org\/index.php?rest_route=%2Fwp%2Fv2%2Fcomments&post=1668"}],"version-history":[{"count":2,"href":"http:\/\/ekoauto.org\/index.php?rest_route=\/wp\/v2\/posts\/1668\/revisions"}],"predecessor-version":[{"id":1670,"href":"http:\/\/ekoauto.org\/index.php?rest_route=\/wp\/v2\/posts\/1668\/revisions\/1670"}],"wp:attachment":[{"href":"http:\/\/ekoauto.org\/index.php?rest_route=%2Fwp%2Fv2%2Fmedia&parent=1668"}],"wp:term":[{"taxonomy":"category","embeddable":true,"href":"http:\/\/ekoauto.org\/index.php?rest_route=%2Fwp%2Fv2%2Fcategories&post=1668"},{"taxonomy":"post_tag","embeddable":true,"href":"http:\/\/ekoauto.org\/index.php?rest_route=%2Fwp%2Fv2%2Ftags&post=1668"}],"curies":[{"name":"wp","href":"https:\/\/api.w.org\/{rel}","templated":true}]}}