{"id":1645,"date":"2016-03-12T21:03:44","date_gmt":"2016-03-12T20:03:44","guid":{"rendered":"http:\/\/ekoauto.org\/?p=1645"},"modified":"2016-03-12T21:03:44","modified_gmt":"2016-03-12T20:03:44","slug":"spotkanie-w-ministerstwie-srodowiska","status":"publish","type":"post","link":"http:\/\/ekoauto.org\/?p=1645","title":{"rendered":"Spotkanie w Ministerstwie \u015arodowiska"},"content":{"rendered":"<p style=\"text-align: justify;\"><a href=\"http:\/\/ekoauto.org\/wp-content\/uploads\/2016\/02\/mos-logo.png\"><img decoding=\"async\" class=\"alignleft size-medium wp-image-1622\" alt=\"mos logo\" src=\"http:\/\/ekoauto.org\/wp-content\/uploads\/2016\/02\/mos-logo-300x70.png\" width=\"300\" height=\"70\" srcset=\"http:\/\/ekoauto.org\/wp-content\/uploads\/2016\/02\/mos-logo-300x70.png 300w, http:\/\/ekoauto.org\/wp-content\/uploads\/2016\/02\/mos-logo-200x46.png 200w, http:\/\/ekoauto.org\/wp-content\/uploads\/2016\/02\/mos-logo.png 431w\" sizes=\"(max-width: 300px) 100vw, 300px\" \/><\/a>Z inicjatywy Stowarzyszenia EKO-AUTO w dniu 18 marca 2016 roku odb\u0119dzie si\u0119 spotkanie z przedstawicielami Ministerstwa \u015arodowiska. W styczniu tego roku Prezes Stowarzyszenia Jakub Smakulski przedstawi\u0142 Podsekretarzowi Stanu S\u0142awomirowi Mazurkowi najwa\u017cniejsze problemy dotycz\u0105ce bran\u017cy recyklingu pojazd\u00f3w wycofanych z eksploatacji. W odpowiedzi na nasz postulat zaproponowano spotkanie w celu om\u00f3wienia najwa\u017cniejszych zagadnie\u0144 i przedstawieniu bie\u017c\u0105cych problem\u00f3w.<\/p>\n<p style=\"text-align: justify;\">Zwracamy si\u0119 z pro\u015bb\u0105 do przedstawicieli wszystkich stacji demonta\u017cu pojazd\u00f3w, aby przekazywali propozycje postulat\u00f3w, kt\u00f3re wymagaj\u0105 przedstawienia na planowanym spotkaniu. Propozycje mog\u0105 by\u0107 przekazywane za po\u015brednictwem poczty elektronicznej lub telefonicznie.<\/p>\n<p>&nbsp;<\/p>\n","protected":false},"excerpt":{"rendered":"<p>Z inicjatywy Stowarzyszenia EKO-AUTO w dniu 18 marca 2016 roku odb\u0119dzie si\u0119 spotkanie z przedstawicielami Ministerstwa \u015arodowiska. W styczniu tego roku Prezes Stowarzyszenia Jakub Smakulski przedstawi\u0142 Podsekretarzowi Stanu S\u0142awomirowi Mazurkowi najwa\u017cniejsze problemy dotycz\u0105ce bran\u017cy recyklingu pojazd\u00f3w wycofanych z eksploatacji. W odpowiedzi na nasz postulat zaproponowano spotkanie w celu om\u00f3wienia najwa\u017cniejszych zagadnie\u0144 i przedstawieniu bie\u017c\u0105cych problem\u00f3w. &#8230; <a title=\"Spotkanie w Ministerstwie \u015arodowiska\" class=\"read-more\" href=\"http:\/\/ekoauto.org\/?p=1645\" aria-label=\"Read more about Spotkanie w Ministerstwie \u015arodowiska\">Dowiedz si\u0119 wi\u0119cej<\/a><\/p>\n","protected":false},"author":2,"featured_media":0,"comment_status":"open","ping_status":"open","sticky":false,"template":"","format":"standard","meta":{"_monsterinsights_skip_tracking":false,"_monsterinsights_sitenote_active":false,"_monsterinsights_sitenote_note":"","_monsterinsights_sitenote_category":0,"footnotes":""},"categories":[1],"tags":[],"class_list":["post-1645","post","type-post","status-publish","format-standard","hentry","category-bez-kategorii"],"_links":{"self":[{"href":"http:\/\/ekoauto.org\/index.php?rest_route=\/wp\/v2\/posts\/1645","targetHints":{"allow":["GET"]}}],"collection":[{"href":"http:\/\/ekoauto.org\/index.php?rest_route=\/wp\/v2\/posts"}],"about":[{"href":"http:\/\/ekoauto.org\/index.php?rest_route=\/wp\/v2\/types\/post"}],"author":[{"embeddable":true,"href":"http:\/\/ekoauto.org\/index.php?rest_route=\/wp\/v2\/users\/2"}],"replies":[{"embeddable":true,"href":"http:\/\/ekoauto.org\/index.php?rest_route=%2Fwp%2Fv2%2Fcomments&post=1645"}],"version-history":[{"count":1,"href":"http:\/\/ekoauto.org\/index.php?rest_route=\/wp\/v2\/posts\/1645\/revisions"}],"predecessor-version":[{"id":1646,"href":"http:\/\/ekoauto.org\/index.php?rest_route=\/wp\/v2\/posts\/1645\/revisions\/1646"}],"wp:attachment":[{"href":"http:\/\/ekoauto.org\/index.php?rest_route=%2Fwp%2Fv2%2Fmedia&parent=1645"}],"wp:term":[{"taxonomy":"category","embeddable":true,"href":"http:\/\/ekoauto.org\/index.php?rest_route=%2Fwp%2Fv2%2Fcategories&post=1645"},{"taxonomy":"post_tag","embeddable":true,"href":"http:\/\/ekoauto.org\/index.php?rest_route=%2Fwp%2Fv2%2Ftags&post=1645"}],"curies":[{"name":"wp","href":"https:\/\/api.w.org\/{rel}","templated":true}]}}