{"id":1640,"date":"2016-03-11T16:05:20","date_gmt":"2016-03-11T15:05:20","guid":{"rendered":"http:\/\/ekoauto.org\/?p=1640"},"modified":"2016-03-11T16:05:20","modified_gmt":"2016-03-11T15:05:20","slug":"patronat-konferencji-dla-stacji-demontazu-pojazdow","status":"publish","type":"post","link":"http:\/\/ekoauto.org\/?p=1640","title":{"rendered":"Patronat konferencji dla Stacji Demonta\u017cu Pojazd\u00f3w"},"content":{"rendered":"<p style=\"text-align: justify;\"><a href=\"http:\/\/ekoauto.org\/wp-content\/uploads\/2014\/09\/recykling.jpg\"><img decoding=\"async\" class=\"alignleft size-medium wp-image-839\" alt=\"recykling\" src=\"http:\/\/ekoauto.org\/wp-content\/uploads\/2014\/09\/recykling-300x71.jpg\" width=\"300\" height=\"71\" srcset=\"http:\/\/ekoauto.org\/wp-content\/uploads\/2014\/09\/recykling-300x71.jpg 300w, http:\/\/ekoauto.org\/wp-content\/uploads\/2014\/09\/recykling-1024x243.jpg 1024w, http:\/\/ekoauto.org\/wp-content\/uploads\/2014\/09\/recykling-200x47.jpg 200w, http:\/\/ekoauto.org\/wp-content\/uploads\/2014\/09\/recykling.jpg 1395w\" sizes=\"(max-width: 300px) 100vw, 300px\" \/><\/a>Informujemy, \u017ce miesi\u0119cznik &#8222;Recykling&#8221; obj\u0105\u0142 patronatem medialnym organizowan\u0105 przez Stowarzyszenie EKO-AUTO konferencj\u0119: \u201eStacje demonta\u017cu pojazd\u00f3w \u2013 jak utrzyma\u0107 si\u0119 na rynku po 1.01.2016 r.\u201d.<\/p>\n<p>&nbsp;<\/p>\n<p>&nbsp;<\/p>\n","protected":false},"excerpt":{"rendered":"<p>Informujemy, \u017ce miesi\u0119cznik &#8222;Recykling&#8221; obj\u0105\u0142 patronatem medialnym organizowan\u0105 przez Stowarzyszenie EKO-AUTO konferencj\u0119: \u201eStacje demonta\u017cu pojazd\u00f3w \u2013 jak utrzyma\u0107 si\u0119 na rynku po 1.01.2016 r.\u201d. &nbsp; &nbsp;<\/p>\n","protected":false},"author":2,"featured_media":0,"comment_status":"open","ping_status":"open","sticky":false,"template":"","format":"standard","meta":{"_monsterinsights_skip_tracking":false,"_monsterinsights_sitenote_active":false,"_monsterinsights_sitenote_note":"","_monsterinsights_sitenote_category":0,"footnotes":""},"categories":[1],"tags":[],"class_list":["post-1640","post","type-post","status-publish","format-standard","hentry","category-bez-kategorii"],"_links":{"self":[{"href":"http:\/\/ekoauto.org\/index.php?rest_route=\/wp\/v2\/posts\/1640","targetHints":{"allow":["GET"]}}],"collection":[{"href":"http:\/\/ekoauto.org\/index.php?rest_route=\/wp\/v2\/posts"}],"about":[{"href":"http:\/\/ekoauto.org\/index.php?rest_route=\/wp\/v2\/types\/post"}],"author":[{"embeddable":true,"href":"http:\/\/ekoauto.org\/index.php?rest_route=\/wp\/v2\/users\/2"}],"replies":[{"embeddable":true,"href":"http:\/\/ekoauto.org\/index.php?rest_route=%2Fwp%2Fv2%2Fcomments&post=1640"}],"version-history":[{"count":3,"href":"http:\/\/ekoauto.org\/index.php?rest_route=\/wp\/v2\/posts\/1640\/revisions"}],"predecessor-version":[{"id":1643,"href":"http:\/\/ekoauto.org\/index.php?rest_route=\/wp\/v2\/posts\/1640\/revisions\/1643"}],"wp:attachment":[{"href":"http:\/\/ekoauto.org\/index.php?rest_route=%2Fwp%2Fv2%2Fmedia&parent=1640"}],"wp:term":[{"taxonomy":"category","embeddable":true,"href":"http:\/\/ekoauto.org\/index.php?rest_route=%2Fwp%2Fv2%2Fcategories&post=1640"},{"taxonomy":"post_tag","embeddable":true,"href":"http:\/\/ekoauto.org\/index.php?rest_route=%2Fwp%2Fv2%2Ftags&post=1640"}],"curies":[{"name":"wp","href":"https:\/\/api.w.org\/{rel}","templated":true}]}}