{"id":1635,"date":"2016-03-04T22:09:42","date_gmt":"2016-03-04T21:09:42","guid":{"rendered":"http:\/\/ekoauto.org\/?p=1635"},"modified":"2016-03-04T22:09:42","modified_gmt":"2016-03-04T21:09:42","slug":"xvii-miedzynarodowe-targi-ochrony-srodowiska-i-gospodarki-odpadami-ekotech","status":"publish","type":"post","link":"http:\/\/ekoauto.org\/?p=1635","title":{"rendered":"XVII Mi\u0119dzynarodowe Targi Ochrony \u015arodowiska i Gospodarki Odpadami EKOTECH"},"content":{"rendered":"<p><a href=\"http:\/\/ekoauto.org\/wp-content\/uploads\/2016\/03\/ekotech_144x200.gif\"><img decoding=\"async\" class=\"alignleft size-full wp-image-1637\" alt=\"ekotech_144x200\" src=\"http:\/\/ekoauto.org\/wp-content\/uploads\/2016\/03\/ekotech_144x200.gif\" width=\"144\" height=\"200\" \/><\/a><\/p>\n<p style=\"text-align: justify;\">W dniach 30-31 marca 2016 roku odb\u0119d\u0105 si\u0119 XVII Mi\u0119dzynarodowe Targi Ochrony \u015arodowiska i Gospodarki Odpadami EKOTECH. Na stoiskach b\u0119dzie mo\u017cna zobaczy\u0107 maszyny do recyklingu oraz porozmawia\u0107 o najnowszych technologiach.<\/p>\n<p style=\"text-align: justify;\">Stowarzyszenie EKO-AUTO otrzyma\u0142o zaproszenie do zorganizowania w ramach Targ\u00f3w konferencji: \u201eStacje demonta\u017cu pojazd\u00f3w \u2013 jak utrzyma\u0107 si\u0119 na rynku po 1.01.2016 r.\u201d.<\/p>\n<p style=\"text-align: justify;\">Serdecznie zapraszamy. Wi\u0119cej informacji ju\u017c wkr\u00f3tce.<\/p>\n","protected":false},"excerpt":{"rendered":"<p>W dniach 30-31 marca 2016 roku odb\u0119d\u0105 si\u0119 XVII Mi\u0119dzynarodowe Targi Ochrony \u015arodowiska i Gospodarki Odpadami EKOTECH. Na stoiskach b\u0119dzie mo\u017cna zobaczy\u0107 maszyny do recyklingu oraz porozmawia\u0107 o najnowszych technologiach. Stowarzyszenie EKO-AUTO otrzyma\u0142o zaproszenie do zorganizowania w ramach Targ\u00f3w konferencji: \u201eStacje demonta\u017cu pojazd\u00f3w \u2013 jak utrzyma\u0107 si\u0119 na rynku po 1.01.2016 r.\u201d. Serdecznie zapraszamy. Wi\u0119cej &#8230; <a title=\"XVII Mi\u0119dzynarodowe Targi Ochrony \u015arodowiska i Gospodarki Odpadami EKOTECH\" class=\"read-more\" href=\"http:\/\/ekoauto.org\/?p=1635\" aria-label=\"Read more about XVII Mi\u0119dzynarodowe Targi Ochrony \u015arodowiska i Gospodarki Odpadami EKOTECH\">Dowiedz si\u0119 wi\u0119cej<\/a><\/p>\n","protected":false},"author":2,"featured_media":0,"comment_status":"open","ping_status":"open","sticky":false,"template":"","format":"standard","meta":{"_monsterinsights_skip_tracking":false,"_monsterinsights_sitenote_active":false,"_monsterinsights_sitenote_note":"","_monsterinsights_sitenote_category":0,"footnotes":""},"categories":[1],"tags":[],"class_list":["post-1635","post","type-post","status-publish","format-standard","hentry","category-bez-kategorii"],"_links":{"self":[{"href":"http:\/\/ekoauto.org\/index.php?rest_route=\/wp\/v2\/posts\/1635","targetHints":{"allow":["GET"]}}],"collection":[{"href":"http:\/\/ekoauto.org\/index.php?rest_route=\/wp\/v2\/posts"}],"about":[{"href":"http:\/\/ekoauto.org\/index.php?rest_route=\/wp\/v2\/types\/post"}],"author":[{"embeddable":true,"href":"http:\/\/ekoauto.org\/index.php?rest_route=\/wp\/v2\/users\/2"}],"replies":[{"embeddable":true,"href":"http:\/\/ekoauto.org\/index.php?rest_route=%2Fwp%2Fv2%2Fcomments&post=1635"}],"version-history":[{"count":2,"href":"http:\/\/ekoauto.org\/index.php?rest_route=\/wp\/v2\/posts\/1635\/revisions"}],"predecessor-version":[{"id":1639,"href":"http:\/\/ekoauto.org\/index.php?rest_route=\/wp\/v2\/posts\/1635\/revisions\/1639"}],"wp:attachment":[{"href":"http:\/\/ekoauto.org\/index.php?rest_route=%2Fwp%2Fv2%2Fmedia&parent=1635"}],"wp:term":[{"taxonomy":"category","embeddable":true,"href":"http:\/\/ekoauto.org\/index.php?rest_route=%2Fwp%2Fv2%2Fcategories&post=1635"},{"taxonomy":"post_tag","embeddable":true,"href":"http:\/\/ekoauto.org\/index.php?rest_route=%2Fwp%2Fv2%2Ftags&post=1635"}],"curies":[{"name":"wp","href":"https:\/\/api.w.org\/{rel}","templated":true}]}}