{"id":1599,"date":"2016-01-28T11:18:42","date_gmt":"2016-01-28T10:18:42","guid":{"rendered":"http:\/\/ekoauto.org\/?p=1599"},"modified":"2016-01-28T11:41:40","modified_gmt":"2016-01-28T10:41:40","slug":"spotkanie-branzy-motoryzacyjnej-w-ministerstwie-rozwoju","status":"publish","type":"post","link":"http:\/\/ekoauto.org\/?p=1599","title":{"rendered":"Spotkanie bran\u017cy motoryzacyjnej w Ministerstwie Rozwoju"},"content":{"rendered":"<p style=\"text-align: justify;\"><a href=\"http:\/\/ekoauto.org\/wp-content\/uploads\/2016\/01\/mr.png\"><img decoding=\"async\" class=\"alignleft size-medium wp-image-1600\" alt=\"mr\" src=\"http:\/\/ekoauto.org\/wp-content\/uploads\/2016\/01\/mr-300x95.png\" width=\"300\" height=\"95\" srcset=\"http:\/\/ekoauto.org\/wp-content\/uploads\/2016\/01\/mr-300x95.png 300w, http:\/\/ekoauto.org\/wp-content\/uploads\/2016\/01\/mr-200x63.png 200w, http:\/\/ekoauto.org\/wp-content\/uploads\/2016\/01\/mr.png 397w\" sizes=\"(max-width: 300px) 100vw, 300px\" \/><\/a>W dniu 27 stycznia 2016 roku Prezes Stowarzyszenia EKO-AUTO uczestniczy\u0142 w spotkaniu zorganizowanym w Ministerstwie Rozwoju przez Wiceministra Tadeusza Ko\u015bci\u0144skiego. Na sali konferencyjnej w Ministerstwie zgromadzili si\u0119 przedstawiciele bran\u017cy motoryzacyjnej. Cieszy nas fakt, \u017ce Stowarzyszenie EKO-AUTO, a za razem stacje demonta\u017cu pojazd\u00f3w uznano, jako pe\u0142noprawnych cz\u0142onk\u00f3w bran\u017cy. Uwa\u017camy, \u017ce jest to dobry kierunek zmierzaj\u0105cy do budowania skutecznych rozwi\u0105za\u0144 systemowych.<\/p>\n<p style=\"text-align: justify;\">W swoim wyst\u0105pieniu Prezes Smakulski zwr\u00f3ci\u0142 uwag\u0119 na g\u0142\u00f3wne problemy bran\u017cy. Pierwszym z nich jest zagadnienie &#8222;szarej strefy&#8221; demonta\u017cu pojazd\u00f3w, kt\u00f3ra swoim zasi\u0119giem w niekt\u00f3rych regionach Polski obejmuje do 80% rynku. Zwr\u00f3cono r\u00f3wnie\u017c uwag\u0119 na fakt zwi\u0119kszania ilo\u015bci pojazd\u00f3w oddawanych do demonta\u017cu w przypadku oferowania ostatnim w\u0142a\u015bcicielom zach\u0119t finansowych (wzrost ilo\u015bci demontowanych pojazd\u00f3w z liczby 90 tys. rocznie do prawie 500 tys. rocznie). Prezes postulowa\u0142 o wprowadzenie systemu zach\u0119t dla ostatniego posiadacza pojazdu na wz\u00f3r systemu du\u0144skiego.<\/p>\n<p style=\"text-align: justify;\">Prezes Smakulski przedstawi\u0142 r\u00f3wnie\u017c dodatkowe postulaty, kt\u00f3rymi powinien zaj\u0105\u0107 si\u0119 mi\u0119dzyresortowy zesp\u00f3\u0142 ds. motoryzacji: regulacja rynku cz\u0119\u015bci u\u017cywanych przy r\u00f3wnoczesnej eliminacji podmiot\u00f3w sprzedaj\u0105cych produkty z nielegalnego \u017ar\u00f3d\u0142a (w tym nielegalnego demonta\u017cu), doprecyzowanie definicji pojazdu wycofanego z eksploatacji, edukacji kierowc\u00f3w na kursach prawa jazdy o obowi\u0105zkach zwi\u0105zanych z legalnym zagospodarowaniem wraku, demonopolizacji rynku demonta\u017cu.<\/p>\n","protected":false},"excerpt":{"rendered":"<p>W dniu 27 stycznia 2016 roku Prezes Stowarzyszenia EKO-AUTO uczestniczy\u0142 w spotkaniu zorganizowanym w Ministerstwie Rozwoju przez Wiceministra Tadeusza Ko\u015bci\u0144skiego. Na sali konferencyjnej w Ministerstwie zgromadzili si\u0119 przedstawiciele bran\u017cy motoryzacyjnej. Cieszy nas fakt, \u017ce Stowarzyszenie EKO-AUTO, a za razem stacje demonta\u017cu pojazd\u00f3w uznano, jako pe\u0142noprawnych cz\u0142onk\u00f3w bran\u017cy. Uwa\u017camy, \u017ce jest to dobry kierunek zmierzaj\u0105cy do &#8230; <a title=\"Spotkanie bran\u017cy motoryzacyjnej w Ministerstwie Rozwoju\" class=\"read-more\" href=\"http:\/\/ekoauto.org\/?p=1599\" aria-label=\"Read more about Spotkanie bran\u017cy motoryzacyjnej w Ministerstwie Rozwoju\">Dowiedz si\u0119 wi\u0119cej<\/a><\/p>\n","protected":false},"author":2,"featured_media":0,"comment_status":"open","ping_status":"open","sticky":false,"template":"","format":"standard","meta":{"_monsterinsights_skip_tracking":false,"_monsterinsights_sitenote_active":false,"_monsterinsights_sitenote_note":"","_monsterinsights_sitenote_category":0,"footnotes":""},"categories":[1],"tags":[],"class_list":["post-1599","post","type-post","status-publish","format-standard","hentry","category-bez-kategorii"],"_links":{"self":[{"href":"http:\/\/ekoauto.org\/index.php?rest_route=\/wp\/v2\/posts\/1599","targetHints":{"allow":["GET"]}}],"collection":[{"href":"http:\/\/ekoauto.org\/index.php?rest_route=\/wp\/v2\/posts"}],"about":[{"href":"http:\/\/ekoauto.org\/index.php?rest_route=\/wp\/v2\/types\/post"}],"author":[{"embeddable":true,"href":"http:\/\/ekoauto.org\/index.php?rest_route=\/wp\/v2\/users\/2"}],"replies":[{"embeddable":true,"href":"http:\/\/ekoauto.org\/index.php?rest_route=%2Fwp%2Fv2%2Fcomments&post=1599"}],"version-history":[{"count":2,"href":"http:\/\/ekoauto.org\/index.php?rest_route=\/wp\/v2\/posts\/1599\/revisions"}],"predecessor-version":[{"id":1602,"href":"http:\/\/ekoauto.org\/index.php?rest_route=\/wp\/v2\/posts\/1599\/revisions\/1602"}],"wp:attachment":[{"href":"http:\/\/ekoauto.org\/index.php?rest_route=%2Fwp%2Fv2%2Fmedia&parent=1599"}],"wp:term":[{"taxonomy":"category","embeddable":true,"href":"http:\/\/ekoauto.org\/index.php?rest_route=%2Fwp%2Fv2%2Fcategories&post=1599"},{"taxonomy":"post_tag","embeddable":true,"href":"http:\/\/ekoauto.org\/index.php?rest_route=%2Fwp%2Fv2%2Ftags&post=1599"}],"curies":[{"name":"wp","href":"https:\/\/api.w.org\/{rel}","templated":true}]}}