{"id":1577,"date":"2016-01-05T08:43:28","date_gmt":"2016-01-05T07:43:28","guid":{"rendered":"http:\/\/ekoauto.org\/?p=1577"},"modified":"2016-01-05T08:49:33","modified_gmt":"2016-01-05T07:49:33","slug":"wypowiedz-prezesa-jakuba-smakulskiego-dla-instytutu-badan-rynku-motoryzacyjnego-samar","status":"publish","type":"post","link":"http:\/\/ekoauto.org\/?p=1577","title":{"rendered":"Wypowied\u017a Prezesa Jakuba Smakulskiego dla Instytutu Bada\u0144 Rynku Motoryzacyjnego SAMAR"},"content":{"rendered":"<p style=\"text-align: justify;\"><a href=\"http:\/\/ekoauto.org\/wp-content\/uploads\/2014\/06\/news_edit.png\"><img decoding=\"async\" class=\"alignleft  wp-image-435\" alt=\"news_edit\" src=\"http:\/\/ekoauto.org\/wp-content\/uploads\/2014\/06\/news_edit.png\" width=\"115\" height=\"115\" srcset=\"http:\/\/ekoauto.org\/wp-content\/uploads\/2014\/06\/news_edit.png 256w, http:\/\/ekoauto.org\/wp-content\/uploads\/2014\/06\/news_edit-150x150.png 150w, http:\/\/ekoauto.org\/wp-content\/uploads\/2014\/06\/news_edit-200x200.png 200w\" sizes=\"(max-width: 115px) 100vw, 115px\" \/><\/a>Prezes Jakub Smakulski na pro\u015bb\u0119 Instytutu Bada\u0144 Rynku Motoryzacyjnego SAMAR przedstawi\u0142 informacj\u0119 na temat konsekwencji wprowadzenia znowelizowanej ustawy o recyklingu pojazd\u00f3w wycofanych z eksploatacji.<\/p>\n<p style=\"text-align: justify;\">Z informacj\u0105 mo\u017cna si\u0119 zapozna\u0107 <a href=\"http:\/\/www.samar.pl\/__\/3\/3.a\/86039\/3.sc\/11\/Ustawa-o-recyklingu-rozczarowuje.html?locale=pl_PL\">tutaj<\/a>.<\/p>\n","protected":false},"excerpt":{"rendered":"<p>Prezes Jakub Smakulski na pro\u015bb\u0119 Instytutu Bada\u0144 Rynku Motoryzacyjnego SAMAR przedstawi\u0142 informacj\u0119 na temat konsekwencji wprowadzenia znowelizowanej ustawy o recyklingu pojazd\u00f3w wycofanych z eksploatacji. Z informacj\u0105 mo\u017cna si\u0119 zapozna\u0107 tutaj.<\/p>\n","protected":false},"author":2,"featured_media":0,"comment_status":"open","ping_status":"open","sticky":false,"template":"","format":"standard","meta":{"_monsterinsights_skip_tracking":false,"_monsterinsights_sitenote_active":false,"_monsterinsights_sitenote_note":"","_monsterinsights_sitenote_category":0,"footnotes":""},"categories":[1],"tags":[],"class_list":["post-1577","post","type-post","status-publish","format-standard","hentry","category-bez-kategorii"],"_links":{"self":[{"href":"http:\/\/ekoauto.org\/index.php?rest_route=\/wp\/v2\/posts\/1577","targetHints":{"allow":["GET"]}}],"collection":[{"href":"http:\/\/ekoauto.org\/index.php?rest_route=\/wp\/v2\/posts"}],"about":[{"href":"http:\/\/ekoauto.org\/index.php?rest_route=\/wp\/v2\/types\/post"}],"author":[{"embeddable":true,"href":"http:\/\/ekoauto.org\/index.php?rest_route=\/wp\/v2\/users\/2"}],"replies":[{"embeddable":true,"href":"http:\/\/ekoauto.org\/index.php?rest_route=%2Fwp%2Fv2%2Fcomments&post=1577"}],"version-history":[{"count":11,"href":"http:\/\/ekoauto.org\/index.php?rest_route=\/wp\/v2\/posts\/1577\/revisions"}],"predecessor-version":[{"id":1590,"href":"http:\/\/ekoauto.org\/index.php?rest_route=\/wp\/v2\/posts\/1577\/revisions\/1590"}],"wp:attachment":[{"href":"http:\/\/ekoauto.org\/index.php?rest_route=%2Fwp%2Fv2%2Fmedia&parent=1577"}],"wp:term":[{"taxonomy":"category","embeddable":true,"href":"http:\/\/ekoauto.org\/index.php?rest_route=%2Fwp%2Fv2%2Fcategories&post=1577"},{"taxonomy":"post_tag","embeddable":true,"href":"http:\/\/ekoauto.org\/index.php?rest_route=%2Fwp%2Fv2%2Ftags&post=1577"}],"curies":[{"name":"wp","href":"https:\/\/api.w.org\/{rel}","templated":true}]}}