{"id":1549,"date":"2015-12-10T10:27:23","date_gmt":"2015-12-10T09:27:23","guid":{"rendered":"http:\/\/ekoauto.org\/?p=1549"},"modified":"2015-12-18T16:14:35","modified_gmt":"2015-12-18T15:14:35","slug":"1549","status":"publish","type":"post","link":"http:\/\/ekoauto.org\/?p=1549","title":{"rendered":"List otwarty"},"content":{"rendered":"<p><a href=\"http:\/\/ekoauto.org\/wp-content\/uploads\/2014\/05\/Logo-200x200px.jpg\"><img decoding=\"async\" class=\"alignleft size-full wp-image-228\" alt=\"Logo 200x200px\" src=\"http:\/\/ekoauto.org\/wp-content\/uploads\/2014\/05\/Logo-200x200px.jpg\" width=\"200\" height=\"200\" srcset=\"http:\/\/ekoauto.org\/wp-content\/uploads\/2014\/05\/Logo-200x200px.jpg 200w, http:\/\/ekoauto.org\/wp-content\/uploads\/2014\/05\/Logo-200x200px-150x150.jpg 150w\" sizes=\"(max-width: 200px) 100vw, 200px\" \/><\/a><\/p>\n<p>&nbsp;<\/p>\n<p style=\"text-align: justify;\">Na pro\u015bb\u0119 cz\u0142onk\u00f3w Stowarzyszenia EKO-AUTO Zarz\u0105d skierowa\u0142\u00a0 List otwarty do Prezesa Adama Ma\u0142yszko. List ten jest efektem licznych zapyta\u0144 i pr\u00f3\u015bb o interwencj\u0119 w sprawie sieci zbierania pojazd\u00f3w.<\/p>\n<p style=\"text-align: justify;\">Poni\u017cej prezentujemy tre\u015b\u0107 listu.<\/p>\n<p><a href=\"http:\/\/ekoauto.org\/wp-content\/uploads\/2015\/12\/List-otwarty4.pdf\">List otwarty<\/a><\/p>\n","protected":false},"excerpt":{"rendered":"<p>&nbsp; Na pro\u015bb\u0119 cz\u0142onk\u00f3w Stowarzyszenia EKO-AUTO Zarz\u0105d skierowa\u0142\u00a0 List otwarty do Prezesa Adama Ma\u0142yszko. List ten jest efektem licznych zapyta\u0144 i pr\u00f3\u015bb o interwencj\u0119 w sprawie sieci zbierania pojazd\u00f3w. Poni\u017cej prezentujemy tre\u015b\u0107 listu. List otwarty<\/p>\n","protected":false},"author":2,"featured_media":0,"comment_status":"open","ping_status":"open","sticky":false,"template":"","format":"standard","meta":{"_monsterinsights_skip_tracking":false,"_monsterinsights_sitenote_active":false,"_monsterinsights_sitenote_note":"","_monsterinsights_sitenote_category":0,"footnotes":""},"categories":[1],"tags":[],"class_list":["post-1549","post","type-post","status-publish","format-standard","hentry","category-bez-kategorii"],"_links":{"self":[{"href":"http:\/\/ekoauto.org\/index.php?rest_route=\/wp\/v2\/posts\/1549","targetHints":{"allow":["GET"]}}],"collection":[{"href":"http:\/\/ekoauto.org\/index.php?rest_route=\/wp\/v2\/posts"}],"about":[{"href":"http:\/\/ekoauto.org\/index.php?rest_route=\/wp\/v2\/types\/post"}],"author":[{"embeddable":true,"href":"http:\/\/ekoauto.org\/index.php?rest_route=\/wp\/v2\/users\/2"}],"replies":[{"embeddable":true,"href":"http:\/\/ekoauto.org\/index.php?rest_route=%2Fwp%2Fv2%2Fcomments&post=1549"}],"version-history":[{"count":4,"href":"http:\/\/ekoauto.org\/index.php?rest_route=\/wp\/v2\/posts\/1549\/revisions"}],"predecessor-version":[{"id":1558,"href":"http:\/\/ekoauto.org\/index.php?rest_route=\/wp\/v2\/posts\/1549\/revisions\/1558"}],"wp:attachment":[{"href":"http:\/\/ekoauto.org\/index.php?rest_route=%2Fwp%2Fv2%2Fmedia&parent=1549"}],"wp:term":[{"taxonomy":"category","embeddable":true,"href":"http:\/\/ekoauto.org\/index.php?rest_route=%2Fwp%2Fv2%2Fcategories&post=1549"},{"taxonomy":"post_tag","embeddable":true,"href":"http:\/\/ekoauto.org\/index.php?rest_route=%2Fwp%2Fv2%2Ftags&post=1549"}],"curies":[{"name":"wp","href":"https:\/\/api.w.org\/{rel}","templated":true}]}}