{"id":1526,"date":"2015-11-23T10:59:51","date_gmt":"2015-11-23T09:59:51","guid":{"rendered":"http:\/\/ekoauto.org\/?p=1526"},"modified":"2015-12-18T16:16:15","modified_gmt":"2015-12-18T15:16:15","slug":"glowny-inspektor-ochrony-srodowiska-odwolany","status":"publish","type":"post","link":"http:\/\/ekoauto.org\/?p=1526","title":{"rendered":"G\u0141\u00d3WNY INSPEKTOR OCHRONY \u015aRODOWISKA ODWO\u0141ANY"},"content":{"rendered":"<p style=\"text-align: justify;\">Dnia 18-go listopada 2015 roku decyzj\u0105 Pani Premier Beaty Szyd\u0142o, ze stanowiska odwo\u0142any zosta\u0142 G\u0142\u00f3wny Inspektor Ochrony \u015arodowiska Pan Jerzy Kuli\u0144ski.\u00a0 Do czasu powo\u0142ania nowego szefa GIO\u015a-u obowi\u0105zki g\u0142\u00f3wnego inspektora pe\u0142ni\u0142 b\u0119dzie dotychczasowy zast\u0119pca Pan Roman Jaworski.<\/p>\n<p><!--more--><\/p>\n<p>&nbsp;<\/p>\n<p>&nbsp;<\/p>\n<figure id=\"attachment_1527\" aria-describedby=\"caption-attachment-1527\" style=\"width: 259px\" class=\"wp-caption aligncenter\"><a href=\"http:\/\/ekoauto.org\/wp-content\/uploads\/2015\/11\/Jerzy_Kulinski.jpg\"><img fetchpriority=\"high\" decoding=\"async\" class=\"size-medium wp-image-1527\" alt=\"Fot. www.gios.gov.pl\" src=\"http:\/\/ekoauto.org\/wp-content\/uploads\/2015\/11\/Jerzy_Kulinski-269x300.jpg\" width=\"269\" height=\"300\" srcset=\"http:\/\/ekoauto.org\/wp-content\/uploads\/2015\/11\/Jerzy_Kulinski-269x300.jpg 269w, http:\/\/ekoauto.org\/wp-content\/uploads\/2015\/11\/Jerzy_Kulinski-179x200.jpg 179w, http:\/\/ekoauto.org\/wp-content\/uploads\/2015\/11\/Jerzy_Kulinski.jpg 900w\" sizes=\"(max-width: 269px) 100vw, 269px\" \/><\/a><figcaption id=\"caption-attachment-1527\" class=\"wp-caption-text\">Fot. www.gios.gov.pl<\/figcaption><\/figure>\n<p>&nbsp;<\/p>\n<p>&nbsp;<\/p>\n","protected":false},"excerpt":{"rendered":"<p>Dnia 18-go listopada 2015 roku decyzj\u0105 Pani Premier Beaty Szyd\u0142o, ze stanowiska odwo\u0142any zosta\u0142 G\u0142\u00f3wny Inspektor Ochrony \u015arodowiska Pan Jerzy Kuli\u0144ski.\u00a0 Do czasu powo\u0142ania nowego szefa GIO\u015a-u obowi\u0105zki g\u0142\u00f3wnego inspektora pe\u0142ni\u0142 b\u0119dzie dotychczasowy zast\u0119pca Pan Roman Jaworski.<\/p>\n","protected":false},"author":2,"featured_media":0,"comment_status":"open","ping_status":"open","sticky":false,"template":"","format":"standard","meta":{"_monsterinsights_skip_tracking":false,"_monsterinsights_sitenote_active":false,"_monsterinsights_sitenote_note":"","_monsterinsights_sitenote_category":0,"footnotes":""},"categories":[1],"tags":[],"class_list":["post-1526","post","type-post","status-publish","format-standard","hentry","category-bez-kategorii"],"_links":{"self":[{"href":"http:\/\/ekoauto.org\/index.php?rest_route=\/wp\/v2\/posts\/1526","targetHints":{"allow":["GET"]}}],"collection":[{"href":"http:\/\/ekoauto.org\/index.php?rest_route=\/wp\/v2\/posts"}],"about":[{"href":"http:\/\/ekoauto.org\/index.php?rest_route=\/wp\/v2\/types\/post"}],"author":[{"embeddable":true,"href":"http:\/\/ekoauto.org\/index.php?rest_route=\/wp\/v2\/users\/2"}],"replies":[{"embeddable":true,"href":"http:\/\/ekoauto.org\/index.php?rest_route=%2Fwp%2Fv2%2Fcomments&post=1526"}],"version-history":[{"count":3,"href":"http:\/\/ekoauto.org\/index.php?rest_route=\/wp\/v2\/posts\/1526\/revisions"}],"predecessor-version":[{"id":1560,"href":"http:\/\/ekoauto.org\/index.php?rest_route=\/wp\/v2\/posts\/1526\/revisions\/1560"}],"wp:attachment":[{"href":"http:\/\/ekoauto.org\/index.php?rest_route=%2Fwp%2Fv2%2Fmedia&parent=1526"}],"wp:term":[{"taxonomy":"category","embeddable":true,"href":"http:\/\/ekoauto.org\/index.php?rest_route=%2Fwp%2Fv2%2Fcategories&post=1526"},{"taxonomy":"post_tag","embeddable":true,"href":"http:\/\/ekoauto.org\/index.php?rest_route=%2Fwp%2Fv2%2Ftags&post=1526"}],"curies":[{"name":"wp","href":"https:\/\/api.w.org\/{rel}","templated":true}]}}