{"id":1366,"date":"2015-06-19T08:36:45","date_gmt":"2015-06-19T06:36:45","guid":{"rendered":"http:\/\/ekoauto.org\/?p=1366"},"modified":"2015-06-19T08:36:45","modified_gmt":"2015-06-19T06:36:45","slug":"jakub-smakulski-dla-instytutu-samar-nowelizacja-ustawy-sprzyja-szarej-strefie","status":"publish","type":"post","link":"http:\/\/ekoauto.org\/?p=1366","title":{"rendered":"JAKUB SMAKULSKI DLA INSTYTUTU SAMAR: NOWELIZACJA USTAWY SPRZYJA &#8222;SZAREJ STREFIE&#8221;"},"content":{"rendered":"<p style=\"text-align: justify;\"><a href=\"http:\/\/ekoauto.org\/wp-content\/uploads\/2015\/06\/37616794b3b7920dfd7b.jpg\"><img decoding=\"async\" class=\"alignleft  wp-image-1367\" alt=\"37616794b3b7920dfd7b\" src=\"http:\/\/ekoauto.org\/wp-content\/uploads\/2015\/06\/37616794b3b7920dfd7b-300x286.jpg\" width=\"125\" height=\"120\" srcset=\"http:\/\/ekoauto.org\/wp-content\/uploads\/2015\/06\/37616794b3b7920dfd7b-300x286.jpg 300w, http:\/\/ekoauto.org\/wp-content\/uploads\/2015\/06\/37616794b3b7920dfd7b-200x190.jpg 200w, http:\/\/ekoauto.org\/wp-content\/uploads\/2015\/06\/37616794b3b7920dfd7b.jpg 503w\" sizes=\"(max-width: 125px) 100vw, 125px\" \/><\/a><\/p>\n<p style=\"text-align: justify;\"><span style=\"color: #000000;\">Na stronie internetowej Instytutu Bada\u0144 Rynku Motoryzacyjnego SAMAR ukaza\u0142 si\u0119 komentarz Prezesa EKO-AUTO Jakuba Smakulskiego do obecnego projektu ustawy o zmianie ustawy o recyklingu pojazd\u00f3w wycofanych z eksploatacji. <\/span><\/p>\n<p style=\"text-align: justify;\"><span style=\"color: #000000;\">Poni\u017cej link do artyku\u0142u.<\/span><\/p>\n<p><!--more--><a href=\"http:\/\/www.samar.pl\/strefa-biznesu\/nowelizacja-ustawy-sprzyja-szarej-strefie?locale=pl_PL\" target=\"_blank\">SAMAR: &#8222;Nowelizacja ustawy sprzyja szarej strefie&#8221;<\/a><\/p>\n<p><span style=\"color: #999999;\"><a href=\"http:\/\/ekoauto.org\/?page_id=2\"><span style=\"color: #999999;\">Powr\u00f3t do aktualno\u015bci<\/span><\/a><\/span><\/p>\n","protected":false},"excerpt":{"rendered":"<p>Na stronie internetowej Instytutu Bada\u0144 Rynku Motoryzacyjnego SAMAR ukaza\u0142 si\u0119 komentarz Prezesa EKO-AUTO Jakuba Smakulskiego do obecnego projektu ustawy o zmianie ustawy o recyklingu pojazd\u00f3w wycofanych z eksploatacji. Poni\u017cej link do artyku\u0142u.<\/p>\n","protected":false},"author":2,"featured_media":0,"comment_status":"open","ping_status":"open","sticky":false,"template":"","format":"standard","meta":{"_monsterinsights_skip_tracking":false,"_monsterinsights_sitenote_active":false,"_monsterinsights_sitenote_note":"","_monsterinsights_sitenote_category":0,"footnotes":""},"categories":[1],"tags":[],"class_list":["post-1366","post","type-post","status-publish","format-standard","hentry","category-bez-kategorii"],"_links":{"self":[{"href":"http:\/\/ekoauto.org\/index.php?rest_route=\/wp\/v2\/posts\/1366","targetHints":{"allow":["GET"]}}],"collection":[{"href":"http:\/\/ekoauto.org\/index.php?rest_route=\/wp\/v2\/posts"}],"about":[{"href":"http:\/\/ekoauto.org\/index.php?rest_route=\/wp\/v2\/types\/post"}],"author":[{"embeddable":true,"href":"http:\/\/ekoauto.org\/index.php?rest_route=\/wp\/v2\/users\/2"}],"replies":[{"embeddable":true,"href":"http:\/\/ekoauto.org\/index.php?rest_route=%2Fwp%2Fv2%2Fcomments&post=1366"}],"version-history":[{"count":1,"href":"http:\/\/ekoauto.org\/index.php?rest_route=\/wp\/v2\/posts\/1366\/revisions"}],"predecessor-version":[{"id":1368,"href":"http:\/\/ekoauto.org\/index.php?rest_route=\/wp\/v2\/posts\/1366\/revisions\/1368"}],"wp:attachment":[{"href":"http:\/\/ekoauto.org\/index.php?rest_route=%2Fwp%2Fv2%2Fmedia&parent=1366"}],"wp:term":[{"taxonomy":"category","embeddable":true,"href":"http:\/\/ekoauto.org\/index.php?rest_route=%2Fwp%2Fv2%2Fcategories&post=1366"},{"taxonomy":"post_tag","embeddable":true,"href":"http:\/\/ekoauto.org\/index.php?rest_route=%2Fwp%2Fv2%2Ftags&post=1366"}],"curies":[{"name":"wp","href":"https:\/\/api.w.org\/{rel}","templated":true}]}}