{"id":1360,"date":"2015-06-09T22:27:44","date_gmt":"2015-06-09T20:27:44","guid":{"rendered":"http:\/\/ekoauto.org\/?p=1360"},"modified":"2015-06-09T22:27:44","modified_gmt":"2015-06-09T20:27:44","slug":"prezes-eko-auto-jakub-smakulski-dla-radia-tok-fm","status":"publish","type":"post","link":"http:\/\/ekoauto.org\/?p=1360","title":{"rendered":"PREZES EKO-AUTO JAKUB SMAKULSKI DLA RADIA TOK FM"},"content":{"rendered":"<p style=\"text-align: justify;\"><span style=\"color: #000000;\"><a href=\"http:\/\/ekoauto.org\/wp-content\/uploads\/2015\/06\/77625523-90f6-4830-acc9-c52e76605fe11.png\"><img decoding=\"async\" class=\"alignleft  wp-image-1362\" alt=\"77625523-90f6-4830-acc9-c52e76605fe1\" src=\"http:\/\/ekoauto.org\/wp-content\/uploads\/2015\/06\/77625523-90f6-4830-acc9-c52e76605fe11.png\" width=\"154\" height=\"117\" \/><\/a><\/span><\/p>\n<p style=\"text-align: justify;\"><span style=\"color: #000000;\">W poniedzia\u0142ek 8 czerwca po godzinie 19.00 radio Tok FM nada\u0142o program Post Factum. Audycja dotyczy\u0142a problem\u00f3w bran\u017cy demonta\u017cu pojazd\u00f3w wycofanych z eksploatacji, zw\u0142aszcza w obliczu zmian, jakie wprowadza nowelizacja ustawy o recyklingu pojazd\u00f3w. O wypowied\u017a poproszono prezesa EKO-AUTO Jakuba Smakulskiego. Rozmowy mo\u017cna wys\u0142ucha\u0107 klikaj\u0105c w link zamieszczony poni\u017cej.<\/span> <!--more--><\/p>\n<p style=\"text-align: justify;\"><a href=\"http:\/\/audycje.tokfm.pl\/odcinek\/26606\" target=\"_blank\">&#8222;Post Factum&#8221; 08.06.2015<\/a><\/p>\n<p style=\"text-align: justify;\"><a href=\"http:\/\/ekoauto.org\/?page_id=2\"><span style=\"color: #999999;\">Powr\u00f3t do aktualno\u015bci<\/span><\/a><\/p>\n","protected":false},"excerpt":{"rendered":"<p>W poniedzia\u0142ek 8 czerwca po godzinie 19.00 radio Tok FM nada\u0142o program Post Factum. Audycja dotyczy\u0142a problem\u00f3w bran\u017cy demonta\u017cu pojazd\u00f3w wycofanych z eksploatacji, zw\u0142aszcza w obliczu zmian, jakie wprowadza nowelizacja ustawy o recyklingu pojazd\u00f3w. O wypowied\u017a poproszono prezesa EKO-AUTO Jakuba Smakulskiego. Rozmowy mo\u017cna wys\u0142ucha\u0107 klikaj\u0105c w link zamieszczony poni\u017cej.<\/p>\n","protected":false},"author":2,"featured_media":0,"comment_status":"open","ping_status":"open","sticky":false,"template":"","format":"standard","meta":{"_monsterinsights_skip_tracking":false,"_monsterinsights_sitenote_active":false,"_monsterinsights_sitenote_note":"","_monsterinsights_sitenote_category":0,"footnotes":""},"categories":[1],"tags":[],"class_list":["post-1360","post","type-post","status-publish","format-standard","hentry","category-bez-kategorii"],"_links":{"self":[{"href":"http:\/\/ekoauto.org\/index.php?rest_route=\/wp\/v2\/posts\/1360","targetHints":{"allow":["GET"]}}],"collection":[{"href":"http:\/\/ekoauto.org\/index.php?rest_route=\/wp\/v2\/posts"}],"about":[{"href":"http:\/\/ekoauto.org\/index.php?rest_route=\/wp\/v2\/types\/post"}],"author":[{"embeddable":true,"href":"http:\/\/ekoauto.org\/index.php?rest_route=\/wp\/v2\/users\/2"}],"replies":[{"embeddable":true,"href":"http:\/\/ekoauto.org\/index.php?rest_route=%2Fwp%2Fv2%2Fcomments&post=1360"}],"version-history":[{"count":1,"href":"http:\/\/ekoauto.org\/index.php?rest_route=\/wp\/v2\/posts\/1360\/revisions"}],"predecessor-version":[{"id":1363,"href":"http:\/\/ekoauto.org\/index.php?rest_route=\/wp\/v2\/posts\/1360\/revisions\/1363"}],"wp:attachment":[{"href":"http:\/\/ekoauto.org\/index.php?rest_route=%2Fwp%2Fv2%2Fmedia&parent=1360"}],"wp:term":[{"taxonomy":"category","embeddable":true,"href":"http:\/\/ekoauto.org\/index.php?rest_route=%2Fwp%2Fv2%2Fcategories&post=1360"},{"taxonomy":"post_tag","embeddable":true,"href":"http:\/\/ekoauto.org\/index.php?rest_route=%2Fwp%2Fv2%2Ftags&post=1360"}],"curies":[{"name":"wp","href":"https:\/\/api.w.org\/{rel}","templated":true}]}}