{"id":1354,"date":"2015-06-03T23:25:23","date_gmt":"2015-06-03T21:25:23","guid":{"rendered":"http:\/\/ekoauto.org\/?p=1354"},"modified":"2015-06-04T21:52:02","modified_gmt":"2015-06-04T19:52:02","slug":"radio-tok-fm-stawia-teze-polska-jest-rajem-dla-starych-aut","status":"publish","type":"post","link":"http:\/\/ekoauto.org\/?p=1354","title":{"rendered":"RADIO TOK FM STAWIA TEZ\u0118: POLSKA JEST RAJEM DLA STARYCH AUT"},"content":{"rendered":"<p style=\"text-align: justify;\"><span style=\"color: #000000;\"><a href=\"http:\/\/ekoauto.org\/wp-content\/uploads\/2015\/06\/microphone-772577_1280.jpg\"><img decoding=\"async\" class=\"alignleft  wp-image-1356\" alt=\"microphone-772577_1280\" src=\"http:\/\/ekoauto.org\/wp-content\/uploads\/2015\/06\/microphone-772577_1280-300x199.jpg\" width=\"154\" height=\"102\" srcset=\"http:\/\/ekoauto.org\/wp-content\/uploads\/2015\/06\/microphone-772577_1280-300x199.jpg 300w, http:\/\/ekoauto.org\/wp-content\/uploads\/2015\/06\/microphone-772577_1280-1024x682.jpg 1024w, http:\/\/ekoauto.org\/wp-content\/uploads\/2015\/06\/microphone-772577_1280-200x133.jpg 200w, http:\/\/ekoauto.org\/wp-content\/uploads\/2015\/06\/microphone-772577_1280.jpg 1280w\" sizes=\"(max-width: 154px) 100vw, 154px\" \/><\/a><\/span><\/p>\n<p style=\"text-align: justify;\"><span style=\"color: #000000;\">1 czerwca na antenie Radia TOK FM mo\u017cna by\u0142o wys\u0142ucha\u0107 audycji &#8222;Post Factum &#8211; Pawe\u0142 Sulik&#8221;. W programie podj\u0119to temat oszustw przy z\u0142omowaniu pojazd\u00f3w, o kt\u00f3rych opowiada\u0142 Maciej Brzezi\u0144ski z magazynu Auto\u015awiat. (Link do audycji znajduje si\u0119 poni\u017cej.) W opinii Stowarzyszenia, w rozmowie powielono mity, kt\u00f3re w niew\u0142a\u015bciwy spos\u00f3b obrazuj\u0105 dzia\u0142alno\u015b\u0107 stacji demonta\u017cu pojazd\u00f3w. <!--more-->Mailowo przekazali\u015bmy komentarz do audycji. W odpowiedzi Radio TOK FM zwr\u00f3ci\u0142o si\u0119 do Prezesa EKO-AUTO Jakuba Smakulskiego z pro\u015bb\u0105 o wypowied\u017a na temat poruszonych w audycji &#8222;Post Factum&#8221; kwestii oraz zmienianej ustawy o recyklingu pojazd\u00f3w wycofanych z eksploatacji. Rozmowy z Jakubem Smakulskim b\u0119dzie mo\u017cna wys\u0142ucha\u0107 w najbli\u017cszy poniedzia\u0142ek o godzinie 19.00.<\/span><\/p>\n<p><a href=\"http:\/\/www.tokfm.pl\/Tokfm\/1,130137,2264799.html\" target=\"_blank\">Radio TOK FM online <\/a><\/p>\n<p><a href=\"http:\/\/audycje.tokfm.pl\/odcinek\/26414\" target=\"_blank\">Post Factum &#8211; Pawe\u0142 Sulik<\/a><\/p>\n<p><span style=\"color: #999999;\"><a href=\"http:\/\/ekoauto.org\/?page_id=2\"><span style=\"color: #999999;\">Powr\u00f3t do aktualno\u015bci<\/span><\/a><\/span><\/p>\n","protected":false},"excerpt":{"rendered":"<p>1 czerwca na antenie Radia TOK FM mo\u017cna by\u0142o wys\u0142ucha\u0107 audycji &#8222;Post Factum &#8211; Pawe\u0142 Sulik&#8221;. W programie podj\u0119to temat oszustw przy z\u0142omowaniu pojazd\u00f3w, o kt\u00f3rych opowiada\u0142 Maciej Brzezi\u0144ski z magazynu Auto\u015awiat. (Link do audycji znajduje si\u0119 poni\u017cej.) W opinii Stowarzyszenia, w rozmowie powielono mity, kt\u00f3re w niew\u0142a\u015bciwy spos\u00f3b obrazuj\u0105 dzia\u0142alno\u015b\u0107 stacji demonta\u017cu pojazd\u00f3w.<\/p>\n","protected":false},"author":2,"featured_media":0,"comment_status":"open","ping_status":"open","sticky":false,"template":"","format":"standard","meta":{"_monsterinsights_skip_tracking":false,"_monsterinsights_sitenote_active":false,"_monsterinsights_sitenote_note":"","_monsterinsights_sitenote_category":0,"footnotes":""},"categories":[1],"tags":[],"class_list":["post-1354","post","type-post","status-publish","format-standard","hentry","category-bez-kategorii"],"_links":{"self":[{"href":"http:\/\/ekoauto.org\/index.php?rest_route=\/wp\/v2\/posts\/1354","targetHints":{"allow":["GET"]}}],"collection":[{"href":"http:\/\/ekoauto.org\/index.php?rest_route=\/wp\/v2\/posts"}],"about":[{"href":"http:\/\/ekoauto.org\/index.php?rest_route=\/wp\/v2\/types\/post"}],"author":[{"embeddable":true,"href":"http:\/\/ekoauto.org\/index.php?rest_route=\/wp\/v2\/users\/2"}],"replies":[{"embeddable":true,"href":"http:\/\/ekoauto.org\/index.php?rest_route=%2Fwp%2Fv2%2Fcomments&post=1354"}],"version-history":[{"count":3,"href":"http:\/\/ekoauto.org\/index.php?rest_route=\/wp\/v2\/posts\/1354\/revisions"}],"predecessor-version":[{"id":1358,"href":"http:\/\/ekoauto.org\/index.php?rest_route=\/wp\/v2\/posts\/1354\/revisions\/1358"}],"wp:attachment":[{"href":"http:\/\/ekoauto.org\/index.php?rest_route=%2Fwp%2Fv2%2Fmedia&parent=1354"}],"wp:term":[{"taxonomy":"category","embeddable":true,"href":"http:\/\/ekoauto.org\/index.php?rest_route=%2Fwp%2Fv2%2Fcategories&post=1354"},{"taxonomy":"post_tag","embeddable":true,"href":"http:\/\/ekoauto.org\/index.php?rest_route=%2Fwp%2Fv2%2Ftags&post=1354"}],"curies":[{"name":"wp","href":"https:\/\/api.w.org\/{rel}","templated":true}]}}