{"id":1336,"date":"2015-05-26T10:00:20","date_gmt":"2015-05-26T08:00:20","guid":{"rendered":"http:\/\/ekoauto.org\/?p=1336"},"modified":"2015-05-26T10:02:14","modified_gmt":"2015-05-26T08:02:14","slug":"senat-przyjal-poprawki-do-ustawy-zmieniajacej-ustawe-o-recyklingu-pwe","status":"publish","type":"post","link":"http:\/\/ekoauto.org\/?p=1336","title":{"rendered":"SENAT PRZYJ\u0104\u0141 POPRAWKI DO USTAWY ZMIENIAJ\u0104CEJ USTAW\u0118 O RECYKLINGU PWE"},"content":{"rendered":"<p style=\"text-align: justify;\"><span style=\"color: #000000;\"><a href=\"http:\/\/ekoauto.org\/wp-content\/uploads\/2015\/05\/66138.png\"><img decoding=\"async\" class=\"alignleft  wp-image-1338\" alt=\"66138\" src=\"http:\/\/ekoauto.org\/wp-content\/uploads\/2015\/05\/66138.png\" width=\"140\" height=\"140\" srcset=\"http:\/\/ekoauto.org\/wp-content\/uploads\/2015\/05\/66138.png 256w, http:\/\/ekoauto.org\/wp-content\/uploads\/2015\/05\/66138-100x100.png 100w, http:\/\/ekoauto.org\/wp-content\/uploads\/2015\/05\/66138-200x200.png 200w\" sizes=\"(max-width: 140px) 100vw, 140px\" \/><\/a><\/span><\/p>\n<p style=\"text-align: justify;\"><span style=\"color: #000000;\">Dnia 15 maja br.\u00a0 w Senacie RP odby\u0142o si\u0119 posiedzenie Komisji \u015arodowiska oraz Komisji Gospodarki Narodowej. Z tre\u015bci\u0105 sprawozdania z obrad mog\u0105 zapozna\u0107 si\u0119 Pa\u0144stwo klikaj\u0105c w zamieszczony poni\u017cej link. Podczas posiedzenia Senatu RP, kt\u00f3re odby\u0142o si\u0119 w dniach 20-21 maja br. przyj\u0119to poprawki do ustawy o zmianie ustawy o recyklingu pojazd\u00f3w wycofanych z eksploatacji oraz niekt\u00f3rych innych ustaw. W kolejnym etapie prac nad ustaw\u0105 dokument trafi do Sejmu, kt\u00f3ry rozpatrzy poprawki wniesione przez Senat.<\/span> <!--more--><span style=\"color: #000000;\">Tre\u015b\u0107 poprawek zaproponowanych przez Senat znajd\u0105 Pa\u0144stwo w sprawozdaniu z obrad Komisji \u015arodowiska i Komisji Gospodarki Narodowej. Wej\u015bcie ustawy w \u017cycie z dniem 1 stycznia 2016 roku b\u0119dzie skutkowa\u0142o brakiem dop\u0142at do demonta\u017cu pojazd\u00f3w za 2016 rok.<\/span><\/p>\n<p style=\"text-align: justify;\"><a title=\"sprawozdanie\" href=\"http:\/\/ekoauto.org\/wp-content\/uploads\/2015\/05\/889z.pdf\" target=\"_blank\">Sprawozdanie Komisji \u015arodowiska i Komisji Gospodarki Narodowej<\/a><\/p>\n<p style=\"text-align: justify;\"><span style=\"color: #999999;\"><a title=\"powr\u00f3t\" href=\"http:\/\/ekoauto.org\/?page_id=2\"><span style=\"color: #999999;\">Powr\u00f3t do aktualno\u015bci<\/span><\/a><\/span><\/p>\n<p style=\"text-align: justify;\">\n","protected":false},"excerpt":{"rendered":"<p>Dnia 15 maja br.\u00a0 w Senacie RP odby\u0142o si\u0119 posiedzenie Komisji \u015arodowiska oraz Komisji Gospodarki Narodowej. Z tre\u015bci\u0105 sprawozdania z obrad mog\u0105 zapozna\u0107 si\u0119 Pa\u0144stwo klikaj\u0105c w zamieszczony poni\u017cej link. Podczas posiedzenia Senatu RP, kt\u00f3re odby\u0142o si\u0119 w dniach 20-21 maja br. przyj\u0119to poprawki do ustawy o zmianie ustawy o recyklingu pojazd\u00f3w wycofanych z eksploatacji &#8230; <a title=\"SENAT PRZYJ\u0104\u0141 POPRAWKI DO USTAWY ZMIENIAJ\u0104CEJ USTAW\u0118 O RECYKLINGU PWE\" class=\"read-more\" href=\"http:\/\/ekoauto.org\/?p=1336\" aria-label=\"Read more about SENAT PRZYJ\u0104\u0141 POPRAWKI DO USTAWY ZMIENIAJ\u0104CEJ USTAW\u0118 O RECYKLINGU PWE\">Dowiedz si\u0119 wi\u0119cej<\/a><\/p>\n","protected":false},"author":2,"featured_media":0,"comment_status":"open","ping_status":"open","sticky":false,"template":"","format":"standard","meta":{"_monsterinsights_skip_tracking":false,"_monsterinsights_sitenote_active":false,"_monsterinsights_sitenote_note":"","_monsterinsights_sitenote_category":0,"footnotes":""},"categories":[1],"tags":[],"class_list":["post-1336","post","type-post","status-publish","format-standard","hentry","category-bez-kategorii"],"_links":{"self":[{"href":"http:\/\/ekoauto.org\/index.php?rest_route=\/wp\/v2\/posts\/1336","targetHints":{"allow":["GET"]}}],"collection":[{"href":"http:\/\/ekoauto.org\/index.php?rest_route=\/wp\/v2\/posts"}],"about":[{"href":"http:\/\/ekoauto.org\/index.php?rest_route=\/wp\/v2\/types\/post"}],"author":[{"embeddable":true,"href":"http:\/\/ekoauto.org\/index.php?rest_route=\/wp\/v2\/users\/2"}],"replies":[{"embeddable":true,"href":"http:\/\/ekoauto.org\/index.php?rest_route=%2Fwp%2Fv2%2Fcomments&post=1336"}],"version-history":[{"count":3,"href":"http:\/\/ekoauto.org\/index.php?rest_route=\/wp\/v2\/posts\/1336\/revisions"}],"predecessor-version":[{"id":1341,"href":"http:\/\/ekoauto.org\/index.php?rest_route=\/wp\/v2\/posts\/1336\/revisions\/1341"}],"wp:attachment":[{"href":"http:\/\/ekoauto.org\/index.php?rest_route=%2Fwp%2Fv2%2Fmedia&parent=1336"}],"wp:term":[{"taxonomy":"category","embeddable":true,"href":"http:\/\/ekoauto.org\/index.php?rest_route=%2Fwp%2Fv2%2Fcategories&post=1336"},{"taxonomy":"post_tag","embeddable":true,"href":"http:\/\/ekoauto.org\/index.php?rest_route=%2Fwp%2Fv2%2Ftags&post=1336"}],"curies":[{"name":"wp","href":"https:\/\/api.w.org\/{rel}","templated":true}]}}