{"id":1272,"date":"2015-05-13T15:46:50","date_gmt":"2015-05-13T13:46:50","guid":{"rendered":"http:\/\/ekoauto.org\/?p=1272"},"modified":"2015-05-13T17:35:32","modified_gmt":"2015-05-13T15:35:32","slug":"przedstawiciele-eko-auto-wezma-udzial-w-spotkaniu-zespolu-ds-pwe","status":"publish","type":"post","link":"http:\/\/ekoauto.org\/?p=1272","title":{"rendered":"PRZEDSTAWICIELE EKO-AUTO WEZM\u0104 UDZIA\u0141 W SPOTKANIU ZESPO\u0141U DS. POJAZD\u00d3W WYCOFANYCH Z EKSPLOATACJI"},"content":{"rendered":"<p style=\"text-align: justify;\"><a href=\"http:\/\/ekoauto.org\/wp-content\/uploads\/2015\/05\/agenda-153555_1280.png\"><img decoding=\"async\" class=\"alignleft  wp-image-1276\" alt=\"agenda-153555_1280\" src=\"http:\/\/ekoauto.org\/wp-content\/uploads\/2015\/05\/agenda-153555_1280-300x217.png\" width=\"167\" height=\"121\" srcset=\"http:\/\/ekoauto.org\/wp-content\/uploads\/2015\/05\/agenda-153555_1280-300x217.png 300w, http:\/\/ekoauto.org\/wp-content\/uploads\/2015\/05\/agenda-153555_1280-1024x741.png 1024w, http:\/\/ekoauto.org\/wp-content\/uploads\/2015\/05\/agenda-153555_1280-200x144.png 200w, http:\/\/ekoauto.org\/wp-content\/uploads\/2015\/05\/agenda-153555_1280.png 1280w\" sizes=\"(max-width: 167px) 100vw, 167px\" \/><\/a><span style=\"color: #000000;\">Na dzie\u0144 25 maja 2015r. zaplanowane jest spotkanie, powo\u0142anego przez Ministra \u015arodowiska, Zespo\u0142u do spraw pojazd\u00f3w wycofanych z eksploatacji. Zgodnie z podan\u0105 wcze\u015bniej na naszej stronie internetowej informacj\u0105, w pracach Zespo\u0142u b\u0119d\u0105 uczestniczy\u0142y osoby reprezentuj\u0105ce \u015brodowisko naukowe i gospodarcze. Do udzia\u0142u w pracach Zespo\u0142u podczas spotkania 25 maja zostali zaproszeni przedstawiciele Stowarzyszenia EKO-AUTO.<!--more--><\/span><\/p>\n<p><a title=\"powr\u00f3t\" href=\"http:\/\/ekoauto.org\/?page_id=2\"><span style=\"color: #999999;\">Powr\u00f3t do aktualno\u015bci<\/span><\/a><\/p>\n","protected":false},"excerpt":{"rendered":"<p>Na dzie\u0144 25 maja 2015r. zaplanowane jest spotkanie, powo\u0142anego przez Ministra \u015arodowiska, Zespo\u0142u do spraw pojazd\u00f3w wycofanych z eksploatacji. Zgodnie z podan\u0105 wcze\u015bniej na naszej stronie internetowej informacj\u0105, w pracach Zespo\u0142u b\u0119d\u0105 uczestniczy\u0142y osoby reprezentuj\u0105ce \u015brodowisko naukowe i gospodarcze. Do udzia\u0142u w pracach Zespo\u0142u podczas spotkania 25 maja zostali zaproszeni przedstawiciele Stowarzyszenia EKO-AUTO.<\/p>\n","protected":false},"author":2,"featured_media":0,"comment_status":"open","ping_status":"open","sticky":false,"template":"","format":"standard","meta":{"_monsterinsights_skip_tracking":false,"_monsterinsights_sitenote_active":false,"_monsterinsights_sitenote_note":"","_monsterinsights_sitenote_category":0,"footnotes":""},"categories":[1],"tags":[],"class_list":["post-1272","post","type-post","status-publish","format-standard","hentry","category-bez-kategorii"],"_links":{"self":[{"href":"http:\/\/ekoauto.org\/index.php?rest_route=\/wp\/v2\/posts\/1272","targetHints":{"allow":["GET"]}}],"collection":[{"href":"http:\/\/ekoauto.org\/index.php?rest_route=\/wp\/v2\/posts"}],"about":[{"href":"http:\/\/ekoauto.org\/index.php?rest_route=\/wp\/v2\/types\/post"}],"author":[{"embeddable":true,"href":"http:\/\/ekoauto.org\/index.php?rest_route=\/wp\/v2\/users\/2"}],"replies":[{"embeddable":true,"href":"http:\/\/ekoauto.org\/index.php?rest_route=%2Fwp%2Fv2%2Fcomments&post=1272"}],"version-history":[{"count":5,"href":"http:\/\/ekoauto.org\/index.php?rest_route=\/wp\/v2\/posts\/1272\/revisions"}],"predecessor-version":[{"id":1279,"href":"http:\/\/ekoauto.org\/index.php?rest_route=\/wp\/v2\/posts\/1272\/revisions\/1279"}],"wp:attachment":[{"href":"http:\/\/ekoauto.org\/index.php?rest_route=%2Fwp%2Fv2%2Fmedia&parent=1272"}],"wp:term":[{"taxonomy":"category","embeddable":true,"href":"http:\/\/ekoauto.org\/index.php?rest_route=%2Fwp%2Fv2%2Fcategories&post=1272"},{"taxonomy":"post_tag","embeddable":true,"href":"http:\/\/ekoauto.org\/index.php?rest_route=%2Fwp%2Fv2%2Ftags&post=1272"}],"curies":[{"name":"wp","href":"https:\/\/api.w.org\/{rel}","templated":true}]}}