{"id":1223,"date":"2015-04-02T22:22:37","date_gmt":"2015-04-02T20:22:37","guid":{"rendered":"http:\/\/ekoauto.org\/?p=1223"},"modified":"2015-04-20T10:28:03","modified_gmt":"2015-04-20T08:28:03","slug":"sprawozdanie-podkomisji-ds-monitorowania-gospodarki-odpadami-w-komisji-ochrony-srodowiska","status":"publish","type":"post","link":"http:\/\/ekoauto.org\/?p=1223","title":{"rendered":"SPRAWOZDANIE PODKOMISJI DS. MONITOROWANIA GOSPODARKI ODPADAMI W KOMISJI OCHRONY \u015aRODOWISKA"},"content":{"rendered":"<p style=\"text-align: justify;\"><span style=\"color: #000000;\"><a href=\"http:\/\/ekoauto.org\/wp-content\/uploads\/2014\/09\/1408019692_graph.png\"><img decoding=\"async\" class=\" wp-image-803 alignleft\" alt=\"1408019692_graph\" src=\"http:\/\/ekoauto.org\/wp-content\/uploads\/2014\/09\/1408019692_graph.png\" width=\"109\" height=\"109\" \/><\/a><\/span><\/p>\n<p style=\"text-align: justify;\"><span style=\"color: #000000;\">Na 8 kwietnia zaplanowane jest posiedzenie Komisji Ochrony \u015arodowiska, Zasob\u00f3w Naturalnych i Le\u015bnictwa. Obrady maj\u0105 rozpocz\u0105\u0107 si\u0119 o godzinie 11.30. Do rozpatrzenia przez Komisj\u0119 zosta\u0142o przekazane sprawozdanie Podkomisji sta\u0142ej ds. monitorowania gospodarki odpadami o rz\u0105dowym projekcie ustawy o zmianie ustawy o recyklingu pojazd\u00f3w wycofanych z eksploatacji oraz niekt\u00f3rych innych ustaw.<\/p>\n<p><\/span><\/p>\n<p style=\"text-align: justify;\"><span style=\"color: #000000;\"><!--more-->Polecamy \u015bledzi\u0107 prace Komisji za po\u015brednictwem iTv Sejm:<\/span><\/p>\n<p><a title=\"Sejm transmisja\" href=\"http:\/\/www.sejm.gov.pl\/sejm7.nsf\/transmisje.xsp\" target=\"_blank\">Transmisje- Sejm<\/a><\/p>\n<p>&nbsp;<\/p>\n<p><a title=\"powr\u00f3t\" href=\"http:\/\/ekoauto.org\/?page_id=2\"><span style=\"color: #808080;\">Powr\u00f3t do aktualno\u015bci<\/span><\/a><\/p>\n","protected":false},"excerpt":{"rendered":"<p>Na 8 kwietnia zaplanowane jest posiedzenie Komisji Ochrony \u015arodowiska, Zasob\u00f3w Naturalnych i Le\u015bnictwa. Obrady maj\u0105 rozpocz\u0105\u0107 si\u0119 o godzinie 11.30. Do rozpatrzenia przez Komisj\u0119 zosta\u0142o przekazane sprawozdanie Podkomisji sta\u0142ej ds. monitorowania gospodarki odpadami o rz\u0105dowym projekcie ustawy o zmianie ustawy o recyklingu pojazd\u00f3w wycofanych z eksploatacji oraz niekt\u00f3rych innych ustaw.<\/p>\n","protected":false},"author":2,"featured_media":0,"comment_status":"open","ping_status":"open","sticky":false,"template":"","format":"standard","meta":{"_monsterinsights_skip_tracking":false,"_monsterinsights_sitenote_active":false,"_monsterinsights_sitenote_note":"","_monsterinsights_sitenote_category":0,"footnotes":""},"categories":[1],"tags":[],"class_list":["post-1223","post","type-post","status-publish","format-standard","hentry","category-bez-kategorii"],"_links":{"self":[{"href":"http:\/\/ekoauto.org\/index.php?rest_route=\/wp\/v2\/posts\/1223","targetHints":{"allow":["GET"]}}],"collection":[{"href":"http:\/\/ekoauto.org\/index.php?rest_route=\/wp\/v2\/posts"}],"about":[{"href":"http:\/\/ekoauto.org\/index.php?rest_route=\/wp\/v2\/types\/post"}],"author":[{"embeddable":true,"href":"http:\/\/ekoauto.org\/index.php?rest_route=\/wp\/v2\/users\/2"}],"replies":[{"embeddable":true,"href":"http:\/\/ekoauto.org\/index.php?rest_route=%2Fwp%2Fv2%2Fcomments&post=1223"}],"version-history":[{"count":2,"href":"http:\/\/ekoauto.org\/index.php?rest_route=\/wp\/v2\/posts\/1223\/revisions"}],"predecessor-version":[{"id":1242,"href":"http:\/\/ekoauto.org\/index.php?rest_route=\/wp\/v2\/posts\/1223\/revisions\/1242"}],"wp:attachment":[{"href":"http:\/\/ekoauto.org\/index.php?rest_route=%2Fwp%2Fv2%2Fmedia&parent=1223"}],"wp:term":[{"taxonomy":"category","embeddable":true,"href":"http:\/\/ekoauto.org\/index.php?rest_route=%2Fwp%2Fv2%2Fcategories&post=1223"},{"taxonomy":"post_tag","embeddable":true,"href":"http:\/\/ekoauto.org\/index.php?rest_route=%2Fwp%2Fv2%2Ftags&post=1223"}],"curies":[{"name":"wp","href":"https:\/\/api.w.org\/{rel}","templated":true}]}}