{"id":1215,"date":"2015-03-23T11:00:43","date_gmt":"2015-03-23T10:00:43","guid":{"rendered":"http:\/\/ekoauto.org\/?p=1215"},"modified":"2015-03-23T11:00:43","modified_gmt":"2015-03-23T10:00:43","slug":"zmiany-w-projekcie-ustawy-po-posiedzeniu-podkomisji-ds-monitorowania-gospodarki-odpadami","status":"publish","type":"post","link":"http:\/\/ekoauto.org\/?p=1215","title":{"rendered":"ZMIANY W PROJEKCIE USTAWY PO POSIEDZENIU PODKOMISJI DS. MONITOROWANIA GOSPODARKI ODPADAMI"},"content":{"rendered":"<p style=\"text-align: justify;\"><a href=\"http:\/\/ekoauto.org\/wp-content\/uploads\/2015\/03\/news.jpg\"><img decoding=\"async\" class=\" wp-image-1216 alignleft\" alt=\"news\" src=\"http:\/\/ekoauto.org\/wp-content\/uploads\/2015\/03\/news-300x200.jpg\" width=\"191\" height=\"127\" srcset=\"http:\/\/ekoauto.org\/wp-content\/uploads\/2015\/03\/news-300x200.jpg 300w, http:\/\/ekoauto.org\/wp-content\/uploads\/2015\/03\/news-1024x683.jpg 1024w, http:\/\/ekoauto.org\/wp-content\/uploads\/2015\/03\/news-200x133.jpg 200w, http:\/\/ekoauto.org\/wp-content\/uploads\/2015\/03\/news.jpg 1920w\" sizes=\"(max-width: 191px) 100vw, 191px\" \/><\/a><span style=\"color: #000000;\">18 marca odby\u0142o si\u0119 posiedzenie sejmowej Podkomisji sta\u0142ej ds. monitorowania gospodarki odpadami. Celem obrad by\u0142 projekt zmiany ustawy o recyklingu pojazd\u00f3w wycofanych z eksploatacji oraz niekt\u00f3rych innych ustaw. Nowelizacja ustawy, z uwagi na gro\u017ab\u0119 skierowania skargi przeciwko Polsce do Trybuna\u0142u Sprawiedliwo\u015bci, jest spraw\u0105 piln\u0105. W zwi\u0105zku z tym wycofano spod obrad kwesti\u0119 systemu &#8222;500 za 500&#8221;. Propozycja ta w tej chwili nie b\u0119dzie rozpatrywana przez Sejm.<\/span> <!--more--><\/p>\n<p style=\"text-align: justify;\"><span style=\"color: #000000;\">Prace Podkomisji zaowocowa\u0142y istotnymi ustaleniami. Ustalono m.in. termin wej\u015bcia w \u017cycie nowelizacji ustawy na 1 stycznia 2017r. Oznacza to, \u017ce dop\u0142aty do demonta\u017cu za rok 2015 oraz 2016 pozostan\u0105 na aktualnie obowi\u0105zuj\u0105cych zasadach. System op\u0142at recyklingowych pobieranych aktualnie (500z\u0142 od ka\u017cdego pojazdu wprowadzanego na terytorium kraju) pozostaje bez zmian. Podkomisja zadecydowa\u0142a o obni\u017ceniu wysoko\u015bci op\u0142aty nak\u0142adanej na przedsi\u0119biorc\u0119 prowadz\u0105cego stacj\u0119 demonta\u017cu pojazd\u00f3w, kt\u00f3ry nie osi\u0105gn\u0105\u0142 wymaganych poziom\u00f3w odzysku i recyklingu w danym roku dzia\u0142alno\u015bci, do kwoty 0,05z\u0142 za ka\u017cdy kilogram masy brakuj\u0105cej do osi\u0105gni\u0119cia poziomu. Podczas obliczania poziom\u00f3w recyklingu i odzysku przedsi\u0119biorca b\u0119dzie mia\u0142 mo\u017cliwo\u015b\u0107 uwzgl\u0119dnienia masy pojazd\u00f3w przyj\u0119tych do demonta\u017cu w danym roku, przetworzonych do ko\u0144ca lutego nast\u0119pnego roku.<\/span><\/p>\n<p style=\"text-align: justify;\"><span style=\"color: #000000;\">Prowadz\u0105cy stacj\u0119 demonta\u017cu pojazd\u00f3w ma obowi\u0105zek przyjmowania cz\u0119\u015bci wymontowanych z pojazd\u00f3w. Ponadto ma obowi\u0105zek przyj\u0119cia pojazdu, kt\u00f3ry nie wykazuje cech identyfikacyjnych, kiedy obowi\u0105zek przekazania takiego samochodu do stacji demonta\u017cu pojazd\u00f3w oparty jest na decyzji inspektora WIO\u015a. \u00a0<\/span><\/p>\n<p style=\"text-align: justify;\"><span style=\"color: #000000;\">Prowadz\u0105cy stacj\u0119 demonta\u017cu pojazd\u00f3w ma obowi\u0105zek dostosowania posiadanych decyzji (zezwole\u0144 i pozwole\u0144) w ci\u0105gu 3 lat.<\/span><\/p>\n<p style=\"text-align: justify;\"><span style=\"color: #000000;\">Prace nad projektem ustawy nie s\u0105 jeszcze zako\u0144czone. Termin utworzenia ostatecznej wersji nie jest jeszcze znany.<\/span><\/p>\n<p style=\"text-align: justify;\">\n<p style=\"text-align: justify;\"><a title=\"powr\u00f3t\" href=\"http:\/\/ekoauto.org\/?page_id=2\"><span style=\"color: #999999;\">Powr\u00f3t do aktualno\u015bci<\/span><\/a><\/p>\n","protected":false},"excerpt":{"rendered":"<p>18 marca odby\u0142o si\u0119 posiedzenie sejmowej Podkomisji sta\u0142ej ds. monitorowania gospodarki odpadami. Celem obrad by\u0142 projekt zmiany ustawy o recyklingu pojazd\u00f3w wycofanych z eksploatacji oraz niekt\u00f3rych innych ustaw. Nowelizacja ustawy, z uwagi na gro\u017ab\u0119 skierowania skargi przeciwko Polsce do Trybuna\u0142u Sprawiedliwo\u015bci, jest spraw\u0105 piln\u0105. W zwi\u0105zku z tym wycofano spod obrad kwesti\u0119 systemu &#8222;500 za &#8230; <a title=\"ZMIANY W PROJEKCIE USTAWY PO POSIEDZENIU PODKOMISJI DS. MONITOROWANIA GOSPODARKI ODPADAMI\" class=\"read-more\" href=\"http:\/\/ekoauto.org\/?p=1215\" aria-label=\"Read more about ZMIANY W PROJEKCIE USTAWY PO POSIEDZENIU PODKOMISJI DS. MONITOROWANIA GOSPODARKI ODPADAMI\">Dowiedz si\u0119 wi\u0119cej<\/a><\/p>\n","protected":false},"author":2,"featured_media":0,"comment_status":"open","ping_status":"open","sticky":false,"template":"","format":"standard","meta":{"_monsterinsights_skip_tracking":false,"_monsterinsights_sitenote_active":false,"_monsterinsights_sitenote_note":"","_monsterinsights_sitenote_category":0,"footnotes":""},"categories":[1],"tags":[],"class_list":["post-1215","post","type-post","status-publish","format-standard","hentry","category-bez-kategorii"],"_links":{"self":[{"href":"http:\/\/ekoauto.org\/index.php?rest_route=\/wp\/v2\/posts\/1215","targetHints":{"allow":["GET"]}}],"collection":[{"href":"http:\/\/ekoauto.org\/index.php?rest_route=\/wp\/v2\/posts"}],"about":[{"href":"http:\/\/ekoauto.org\/index.php?rest_route=\/wp\/v2\/types\/post"}],"author":[{"embeddable":true,"href":"http:\/\/ekoauto.org\/index.php?rest_route=\/wp\/v2\/users\/2"}],"replies":[{"embeddable":true,"href":"http:\/\/ekoauto.org\/index.php?rest_route=%2Fwp%2Fv2%2Fcomments&post=1215"}],"version-history":[{"count":1,"href":"http:\/\/ekoauto.org\/index.php?rest_route=\/wp\/v2\/posts\/1215\/revisions"}],"predecessor-version":[{"id":1217,"href":"http:\/\/ekoauto.org\/index.php?rest_route=\/wp\/v2\/posts\/1215\/revisions\/1217"}],"wp:attachment":[{"href":"http:\/\/ekoauto.org\/index.php?rest_route=%2Fwp%2Fv2%2Fmedia&parent=1215"}],"wp:term":[{"taxonomy":"category","embeddable":true,"href":"http:\/\/ekoauto.org\/index.php?rest_route=%2Fwp%2Fv2%2Fcategories&post=1215"},{"taxonomy":"post_tag","embeddable":true,"href":"http:\/\/ekoauto.org\/index.php?rest_route=%2Fwp%2Fv2%2Ftags&post=1215"}],"curies":[{"name":"wp","href":"https:\/\/api.w.org\/{rel}","templated":true}]}}