{"id":1102,"date":"2015-01-05T11:37:24","date_gmt":"2015-01-05T10:37:24","guid":{"rendered":"http:\/\/ekoauto.org\/?p=1102"},"modified":"2015-01-16T21:03:52","modified_gmt":"2015-01-16T20:03:52","slug":"22-01-2015-r-konferencja-szkoleniowa-dla-stacji-demontazu-pojazdow","status":"publish","type":"post","link":"http:\/\/ekoauto.org\/?p=1102","title":{"rendered":"22.01.2015.r. &#8211; KONFERENCJA SZKOLENIOWA DLA STACJI DEMONTA\u017bU POJAZD\u00d3W"},"content":{"rendered":"<p style=\"text-align: justify;\"><a href=\"http:\/\/ekoauto.org\/wp-content\/uploads\/2015\/01\/1408019987_Warning.png\"><img decoding=\"async\" class=\" wp-image-1103 alignleft\" alt=\"1408019987_Warning\" src=\"http:\/\/ekoauto.org\/wp-content\/uploads\/2015\/01\/1408019987_Warning.png\" width=\"84\" height=\"84\" srcset=\"http:\/\/ekoauto.org\/wp-content\/uploads\/2015\/01\/1408019987_Warning.png 128w, http:\/\/ekoauto.org\/wp-content\/uploads\/2015\/01\/1408019987_Warning-100x100.png 100w\" sizes=\"(max-width: 84px) 100vw, 84px\" \/><\/a><span style=\"color: #000000;\">Szanowni Pa\u0144stwo<\/span><\/p>\n<p style=\"text-align: justify;\"><span style=\"color: #000000;\">Serdecznie zapraszamy na Konferencj\u0119 Szkoleniow\u0105 dla Stacji Demonta\u017cu Pojazd\u00f3w, kt\u00f3ra odb\u0119dzie si\u0119 22 stycznia 2015r. w Zawierciu (woj. \u015bl\u0105skie). Podczas spotkania zostanie poruszonych wiele bie\u017c\u0105cych temat\u00f3w, przede wszystkim wyja\u015bniaj\u0105cych zmiany w prawie, dotycz\u0105cym prowadzenia stacji demonta\u017cu pojazd\u00f3w, m.in. zmiany w prowadzeniu ewidencji odpad\u00f3w oraz najnowszy projekt ustawy dotycz\u0105cy dop\u0142at na rok 2015.<!--more--><\/span><\/p>\n<p style=\"text-align: justify;\"><span style=\"color: #000000;\">Wi\u0119cej informacji na temat konferencji mo\u017cna uzyska\u0107 pod numerem tel: (61) 877 06 05.<\/span><\/p>\n<p style=\"text-align: justify;\"><span style=\"color: #000000;\">Za\u0142\u0105czon\u0105 poni\u017cej kart\u0119 zg\u0142oszeniow\u0105 prosimy wype\u0142ni\u0107 i przes\u0142a\u0107 na adres mailowy: szkolenia@ekolog.pl<\/span><\/p>\n<p style=\"text-align: justify;\"><span style=\"color: #000000;\"><a title=\"zaproszenie na konferencj\u0119 stycze\u0144 2015\" href=\"http:\/\/ekoauto.org\/wp-content\/uploads\/2015\/01\/Zaproszenie-na-konferencj%C4%99-stycze%C5%84-2015.pdf\" target=\"_blank\"><span style=\"color: #000000;\">Zaproszenie na konferencj\u0119 stycze\u0144 2015<\/span><\/a><\/span><\/p>\n<p style=\"text-align: justify;\"><span style=\"color: #000000;\">Zapraszamy!<\/span><\/p>\n<p style=\"text-align: justify;\"><span style=\"color: #808080;\"><a title=\"powr\u00f3t\" href=\"http:\/\/ekoauto.org\/?page_id=2\"><span style=\"color: #808080;\">\u00a0Powr\u00f3t do aktualno\u015bci<\/span><\/a><\/span><\/p>\n","protected":false},"excerpt":{"rendered":"<p>Szanowni Pa\u0144stwo Serdecznie zapraszamy na Konferencj\u0119 Szkoleniow\u0105 dla Stacji Demonta\u017cu Pojazd\u00f3w, kt\u00f3ra odb\u0119dzie si\u0119 22 stycznia 2015r. w Zawierciu (woj. \u015bl\u0105skie). Podczas spotkania zostanie poruszonych wiele bie\u017c\u0105cych temat\u00f3w, przede wszystkim wyja\u015bniaj\u0105cych zmiany w prawie, dotycz\u0105cym prowadzenia stacji demonta\u017cu pojazd\u00f3w, m.in. zmiany w prowadzeniu ewidencji odpad\u00f3w oraz najnowszy projekt ustawy dotycz\u0105cy dop\u0142at na rok 2015.<\/p>\n","protected":false},"author":2,"featured_media":0,"comment_status":"open","ping_status":"open","sticky":false,"template":"","format":"standard","meta":{"_monsterinsights_skip_tracking":false,"_monsterinsights_sitenote_active":false,"_monsterinsights_sitenote_note":"","_monsterinsights_sitenote_category":0,"footnotes":""},"categories":[1],"tags":[],"class_list":["post-1102","post","type-post","status-publish","format-standard","hentry","category-bez-kategorii"],"_links":{"self":[{"href":"http:\/\/ekoauto.org\/index.php?rest_route=\/wp\/v2\/posts\/1102","targetHints":{"allow":["GET"]}}],"collection":[{"href":"http:\/\/ekoauto.org\/index.php?rest_route=\/wp\/v2\/posts"}],"about":[{"href":"http:\/\/ekoauto.org\/index.php?rest_route=\/wp\/v2\/types\/post"}],"author":[{"embeddable":true,"href":"http:\/\/ekoauto.org\/index.php?rest_route=\/wp\/v2\/users\/2"}],"replies":[{"embeddable":true,"href":"http:\/\/ekoauto.org\/index.php?rest_route=%2Fwp%2Fv2%2Fcomments&post=1102"}],"version-history":[{"count":6,"href":"http:\/\/ekoauto.org\/index.php?rest_route=\/wp\/v2\/posts\/1102\/revisions"}],"predecessor-version":[{"id":1125,"href":"http:\/\/ekoauto.org\/index.php?rest_route=\/wp\/v2\/posts\/1102\/revisions\/1125"}],"wp:attachment":[{"href":"http:\/\/ekoauto.org\/index.php?rest_route=%2Fwp%2Fv2%2Fmedia&parent=1102"}],"wp:term":[{"taxonomy":"category","embeddable":true,"href":"http:\/\/ekoauto.org\/index.php?rest_route=%2Fwp%2Fv2%2Fcategories&post=1102"},{"taxonomy":"post_tag","embeddable":true,"href":"http:\/\/ekoauto.org\/index.php?rest_route=%2Fwp%2Fv2%2Ftags&post=1102"}],"curies":[{"name":"wp","href":"https:\/\/api.w.org\/{rel}","templated":true}]}}